{"id":1033,"date":"2018-10-18T17:25:00","date_gmt":"2018-10-18T15:25:00","guid":{"rendered":"http:\/\/wordpress2225437.home.pl\/palaszewski\/?p=1033"},"modified":"2022-09-16T17:30:52","modified_gmt":"2022-09-16T15:30:52","slug":"jesienne-gorce","status":"publish","type":"post","link":"https:\/\/gorydlamilosza.pl\/index.php\/2018\/10\/18\/jesienne-gorce\/","title":{"rendered":"jesienne Gorce"},"content":{"rendered":"\n<p>Za nami seria pi\u0119knych, s\u0142onecznych dni, kt\u00f3re wykorzystali\u015bmy na pokonywanie g\u00f3rskich szlak\u00f3w. Jesienne Gorce to feeria barw oraz niezapomniane widoki, to r\u00f3wnie\u017c miejsce, gdzie przyroda udziela swojego szcz\u0119\u015bcia ka\u017cdemu, kto potrafi je dostrzec i cieszy\u0107 si\u0119 jej pi\u0119knem. Dla mnie ka\u017cdy wyjazd w g\u00f3ry to jak przeniesienie si\u0119 do innej krainy. Ka\u017cde pasmo, ka\u017cdy szlak jest inny, ale ich cech\u0105 wsp\u00f3ln\u0105 jest to, \u017ce w\u0142a\u015bnie dzi\u0119ki g\u00f3rom mog\u0119 nabra\u0107 si\u0142 do dalszej walki o samodzielno\u015b\u0107 Mi\u0142osza. W ostatnim dniu naszego pobytu w Gorcach, podczas w\u0119dr\u00f3wki na Magurki towarzyszy\u0142 nam ze swoim aparatem Marcin. Pami\u0119tacie licytacj\u0119 zdj\u0119\u0107 dla Mi\u0142osza? To w\u0142a\u015bnie on zainicjowa\u0142 ca\u0142\u0105 akcj\u0119. Jego spontaniczna decyzja o wyj\u015bciu w g\u00f3ry zaowocowa\u0142a wsp\u00f3lnym spotkaniem na szlaku i zdobyciem szczytu! Dzi\u0119ki czemu m\u00f3g\u0142 sam zobaczy\u0107 jak Mi\u0142osz radzi sobie w g\u00f3rach. S\u0142oneczna pogoda i jesienne klimaty pozwoli\u0142y uchwyci\u0107 nasz\u0105 rodzin\u0119 w kadrze. Te zdj\u0119cia to dow\u00f3d na to, \u017ce w g\u00f3rach jesie\u0144 jest najpi\u0119kniejsza!<\/p>\n","protected":false},"excerpt":{"rendered":"<p>Za nami seria pi\u0119knych, s\u0142onecznych dni, kt\u00f3re wykorzystali\u015bmy na pokonywanie g\u00f3rskich szlak\u00f3w. Jesienne Gorce to feeria barw oraz niezapomniane widoki, to r\u00f3wnie\u017c miejsce, gdzie przyroda udziela swojego szcz\u0119\u015bcia ka\u017cdemu, kto potrafi je dostrzec i cieszy\u0107 si\u0119 jej pi\u0119knem. <\/p>\n","protected":false},"author":1,"featured_media":1034,"comment_status":"open","ping_status":"open","sticky":false,"template":"","format":"standard","meta":{"footnotes":""},"categories":[4],"tags":[],"class_list":["post-1033","post","type-post","status-publish","format-standard","has-post-thumbnail","hentry","category-blog"],"_links":{"self":[{"href":"https:\/\/gorydlamilosza.pl\/index.php\/wp-json\/wp\/v2\/posts\/1033","targetHints":{"allow":["GET"]}}],"collection":[{"href":"https:\/\/gorydlamilosza.pl\/index.php\/wp-json\/wp\/v2\/posts"}],"about":[{"href":"https:\/\/gorydlamilosza.pl\/index.php\/wp-json\/wp\/v2\/types\/post"}],"author":[{"embeddable":true,"href":"https:\/\/gorydlamilosza.pl\/index.php\/wp-json\/wp\/v2\/users\/1"}],"replies":[{"embeddable":true,"href":"https:\/\/gorydlamilosza.pl\/index.php\/wp-json\/wp\/v2\/comments?post=1033"}],"version-history":[{"count":2,"href":"https:\/\/gorydlamilosza.pl\/index.php\/wp-json\/wp\/v2\/posts\/1033\/revisions"}],"predecessor-version":[{"id":1043,"href":"https:\/\/gorydlamilosza.pl\/index.php\/wp-json\/wp\/v2\/posts\/1033\/revisions\/1043"}],"wp:featuredmedia":[{"embeddable":true,"href":"https:\/\/gorydlamilosza.pl\/index.php\/wp-json\/wp\/v2\/media\/1034"}],"wp:attachment":[{"href":"https:\/\/gorydlamilosza.pl\/index.php\/wp-json\/wp\/v2\/media?parent=1033"}],"wp:term":[{"taxonomy":"category","embeddable":true,"href":"https:\/\/gorydlamilosza.pl\/index.php\/wp-json\/wp\/v2\/categories?post=1033"},{"taxonomy":"post_tag","embeddable":true,"href":"https:\/\/gorydlamilosza.pl\/index.php\/wp-json\/wp\/v2\/tags?post=1033"}],"curies":[{"name":"wp","href":"https:\/\/api.w.org\/{rel}","templated":true}]}}