{"id":1039,"date":"2018-10-16T17:29:00","date_gmt":"2018-10-16T15:29:00","guid":{"rendered":"http:\/\/wordpress2225437.home.pl\/palaszewski\/?p=1039"},"modified":"2022-09-16T17:30:35","modified_gmt":"2022-09-16T15:30:35","slug":"jesienne-gorce-kudlon","status":"publish","type":"post","link":"https:\/\/gorydlamilosza.pl\/index.php\/2018\/10\/16\/jesienne-gorce-kudlon\/","title":{"rendered":"jesienne Gorce &#8211; Kud\u0142o\u0144"},"content":{"rendered":"\n<p>Na dzisiejsz\u0105 wycieczk\u0119 wyruszyli\u015bmy nieco wcze\u015bniej ni\u017c zazwyczaj. Aby dosta\u0107 si\u0119 na szlak musieli\u015bmy najpierw pokona\u0107 autem prawie 60 km. Naszym celem by\u0142 Kud\u0142o\u0144 (1274m n.p.m.). Wyruszyli\u015bmy z polany Trusi\u00f3wka przez Dolin\u0119 Kamienicy. Przez d\u0142u\u017cszy czas szlak prowadzi\u0142 lasem jednak p\u00f3\u017aniej przechodzi\u0142 przez kilka polan dzi\u0119ki czemu mogli\u015bmy podziwia\u0107 pi\u0119kno Gorc\u00f3w. Na szlaku pustki. Mo\u017cna si\u0119 natkn\u0105\u0107 na pojedyncze osoby. Uwielbiam takie w\u0119dr\u00f3wki. Mi\u0142osz radzi sobie znakomicie. Jestem z niego naprawd\u0119 dumna.<\/p>\n","protected":false},"excerpt":{"rendered":"<p>Na dzisiejsz\u0105 wycieczk\u0119 wyruszyli\u015bmy nieco wcze\u015bniej ni\u017c zazwyczaj. Aby dosta\u0107 si\u0119 na szlak musieli\u015bmy najpierw pokona\u0107 autem prawie 60 km. Naszym celem by\u0142 Kud\u0142o\u0144 (1274m n.p.m.). Wyruszyli\u015bmy z polany Trusi\u00f3wka przez Dolin\u0119 Kamienicy.<\/p>\n","protected":false},"author":1,"featured_media":1040,"comment_status":"open","ping_status":"open","sticky":false,"template":"","format":"standard","meta":{"footnotes":""},"categories":[4],"tags":[],"class_list":["post-1039","post","type-post","status-publish","format-standard","has-post-thumbnail","hentry","category-blog"],"_links":{"self":[{"href":"https:\/\/gorydlamilosza.pl\/index.php\/wp-json\/wp\/v2\/posts\/1039","targetHints":{"allow":["GET"]}}],"collection":[{"href":"https:\/\/gorydlamilosza.pl\/index.php\/wp-json\/wp\/v2\/posts"}],"about":[{"href":"https:\/\/gorydlamilosza.pl\/index.php\/wp-json\/wp\/v2\/types\/post"}],"author":[{"embeddable":true,"href":"https:\/\/gorydlamilosza.pl\/index.php\/wp-json\/wp\/v2\/users\/1"}],"replies":[{"embeddable":true,"href":"https:\/\/gorydlamilosza.pl\/index.php\/wp-json\/wp\/v2\/comments?post=1039"}],"version-history":[{"count":1,"href":"https:\/\/gorydlamilosza.pl\/index.php\/wp-json\/wp\/v2\/posts\/1039\/revisions"}],"predecessor-version":[{"id":1041,"href":"https:\/\/gorydlamilosza.pl\/index.php\/wp-json\/wp\/v2\/posts\/1039\/revisions\/1041"}],"wp:featuredmedia":[{"embeddable":true,"href":"https:\/\/gorydlamilosza.pl\/index.php\/wp-json\/wp\/v2\/media\/1040"}],"wp:attachment":[{"href":"https:\/\/gorydlamilosza.pl\/index.php\/wp-json\/wp\/v2\/media?parent=1039"}],"wp:term":[{"taxonomy":"category","embeddable":true,"href":"https:\/\/gorydlamilosza.pl\/index.php\/wp-json\/wp\/v2\/categories?post=1039"},{"taxonomy":"post_tag","embeddable":true,"href":"https:\/\/gorydlamilosza.pl\/index.php\/wp-json\/wp\/v2\/tags?post=1039"}],"curies":[{"name":"wp","href":"https:\/\/api.w.org\/{rel}","templated":true}]}}