{"id":1046,"date":"2018-10-14T17:32:00","date_gmt":"2018-10-14T15:32:00","guid":{"rendered":"http:\/\/wordpress2225437.home.pl\/palaszewski\/?p=1046"},"modified":"2022-09-16T17:34:25","modified_gmt":"2022-09-16T15:34:25","slug":"jesienne-gorce-gorc","status":"publish","type":"post","link":"https:\/\/gorydlamilosza.pl\/index.php\/2018\/10\/14\/jesienne-gorce-gorc\/","title":{"rendered":"jesienne Gorce &#8211; Gorc"},"content":{"rendered":"\n<p>Cudownie jest by\u0107 w g\u00f3rach. Rewelacyjne jest by\u0107 w g\u00f3rach jesieni\u0105, kt\u00f3re o tej porze roku s\u0105 wyj\u0105tkowo malownicze. B\u0142\u0119kit nieba, jesienne barwy li\u015bci na drzewach, po\u017c\u00f3\u0142k\u0142a trawa i s\u0142oneczna pogoda. Czy mo\u017cna chcie\u0107 czego\u015b wi\u0119cej? Dzisiejsza w\u0119dr\u00f3wka by\u0142a wyj\u0105tkowa. Naszym celem by\u0142 Gorc. Wyruszyli\u015bmy na niego z Jamnego przez Chat\u0119 Gorcza\u0144sk\u0105. To d\u0142u\u017cszy szlak ale zdecydowanie by\u0142o warto. A\u017c do samego szczytu nie napotkali\u015bmy nikogo. By\u0142o po prostu cudownie. Na samym Gorcu (1228m n.p.m.) gwarno i jak na nasze warunki t\u0142oczno. Wszystko za spraw\u0105 wie\u017cy widokowej znajduj\u0105cej si\u0119 na jego wierzcho\u0142ku. Szybko ewakuowali\u015bmy si\u0119 nieco dalej. Dobrze, \u017ce nikt nie wybra\u0142 trasy, kt\u00f3r\u0105 my przyszli\u015bmy. Gorce potrafi\u0105 zachwyci\u0107.<\/p>\n","protected":false},"excerpt":{"rendered":"<p>Cudownie jest by\u0107 w g\u00f3rach. Rewelacyjne jest by\u0107 w g\u00f3rach jesieni\u0105, kt\u00f3re o tej porze roku s\u0105 wyj\u0105tkowo malownicze. B\u0142\u0119kit nieba, jesienne barwy li\u015bci na drzewach, po\u017c\u00f3\u0142k\u0142a trawa i s\u0142oneczna pogoda. Czy mo\u017cna chcie\u0107 czego\u015b wi\u0119cej? Dzisiejsza w\u0119dr\u00f3wka by\u0142a wyj\u0105tkowa. Naszym celem by\u0142 Gorc. Wyruszyli\u015bmy na niego z Jamnego przez Chat\u0119 Gorcza\u0144sk\u0105.<\/p>\n","protected":false},"author":1,"featured_media":1047,"comment_status":"open","ping_status":"open","sticky":false,"template":"","format":"standard","meta":{"footnotes":""},"categories":[4],"tags":[],"class_list":["post-1046","post","type-post","status-publish","format-standard","has-post-thumbnail","hentry","category-blog"],"_links":{"self":[{"href":"https:\/\/gorydlamilosza.pl\/index.php\/wp-json\/wp\/v2\/posts\/1046","targetHints":{"allow":["GET"]}}],"collection":[{"href":"https:\/\/gorydlamilosza.pl\/index.php\/wp-json\/wp\/v2\/posts"}],"about":[{"href":"https:\/\/gorydlamilosza.pl\/index.php\/wp-json\/wp\/v2\/types\/post"}],"author":[{"embeddable":true,"href":"https:\/\/gorydlamilosza.pl\/index.php\/wp-json\/wp\/v2\/users\/1"}],"replies":[{"embeddable":true,"href":"https:\/\/gorydlamilosza.pl\/index.php\/wp-json\/wp\/v2\/comments?post=1046"}],"version-history":[{"count":1,"href":"https:\/\/gorydlamilosza.pl\/index.php\/wp-json\/wp\/v2\/posts\/1046\/revisions"}],"predecessor-version":[{"id":1048,"href":"https:\/\/gorydlamilosza.pl\/index.php\/wp-json\/wp\/v2\/posts\/1046\/revisions\/1048"}],"wp:featuredmedia":[{"embeddable":true,"href":"https:\/\/gorydlamilosza.pl\/index.php\/wp-json\/wp\/v2\/media\/1047"}],"wp:attachment":[{"href":"https:\/\/gorydlamilosza.pl\/index.php\/wp-json\/wp\/v2\/media?parent=1046"}],"wp:term":[{"taxonomy":"category","embeddable":true,"href":"https:\/\/gorydlamilosza.pl\/index.php\/wp-json\/wp\/v2\/categories?post=1046"},{"taxonomy":"post_tag","embeddable":true,"href":"https:\/\/gorydlamilosza.pl\/index.php\/wp-json\/wp\/v2\/tags?post=1046"}],"curies":[{"name":"wp","href":"https:\/\/api.w.org\/{rel}","templated":true}]}}