{"id":1049,"date":"2018-10-13T17:34:00","date_gmt":"2018-10-13T15:34:00","guid":{"rendered":"http:\/\/wordpress2225437.home.pl\/palaszewski\/?p=1049"},"modified":"2022-09-16T17:35:59","modified_gmt":"2022-09-16T15:35:59","slug":"jesienne-gorce-luban","status":"publish","type":"post","link":"https:\/\/gorydlamilosza.pl\/index.php\/2018\/10\/13\/jesienne-gorce-luban\/","title":{"rendered":"jesienne Gorce &#8211; Luba\u0144"},"content":{"rendered":"\n<p>Korzystamy z pi\u0119knej pogody. A jak? Oczywi\u015bcie w g\u00f3rach. Nie mogli\u015bmy inaczej. B\u0119dziemy tu kilka dni. Wiemy, \u017ce dla Mi\u0142osza taki wyjazd to same korzy\u015bci. Przekonujemy si\u0119 o tym za ka\u017cdym razem. Jeste\u015bmy w Gorcach. Poza Turbaczem to pasmo g\u00f3rskie jest nam ca\u0142kowicie nieznane. Dzisiaj wchodzili\u015bmy na Luba\u0144. Jego szczyt wznosi si\u0119 na wysoko\u015b\u0107 1211m n.p.m. ale my weszli\u015bmy jeszcze wy\u017cej. Wszystko za spraw\u0105 wie\u017cy widokowej, z kt\u00f3rej rozpo\u015bcieraj\u0105 si\u0119 niesamowite widoki. Tatry, do kt\u00f3rych wci\u0105\u017c wzdychamy mieli\u015bmy na wyci\u0105gni\u0119cie r\u0119ki. Ca\u0142y szlak poza wierzcho\u0142kiem Lubania i kr\u00f3tkim odcinkiem G\u0142\u00f3wnego Szlaku Beskidzkiego by\u0142 ca\u0142kowicie pusty. Nie napotkali\u015bmy dos\u0142ownie nikogo. Uwielbiam takie trasy. Mi\u0142osz poradzi\u0142 sobie znakomicie.<\/p>\n","protected":false},"excerpt":{"rendered":"<p>Korzystamy z pi\u0119knej pogody. A jak? Oczywi\u015bcie w g\u00f3rach. Nie mogli\u015bmy inaczej. B\u0119dziemy tu kilka dni. Wiemy, \u017ce dla Mi\u0142osza taki wyjazd to same korzy\u015bci. Przekonujemy si\u0119 o tym za ka\u017cdym razem. Jeste\u015bmy w Gorcach. <\/p>\n","protected":false},"author":1,"featured_media":1050,"comment_status":"open","ping_status":"open","sticky":false,"template":"","format":"standard","meta":{"footnotes":""},"categories":[4],"tags":[],"class_list":["post-1049","post","type-post","status-publish","format-standard","has-post-thumbnail","hentry","category-blog"],"_links":{"self":[{"href":"https:\/\/gorydlamilosza.pl\/index.php\/wp-json\/wp\/v2\/posts\/1049","targetHints":{"allow":["GET"]}}],"collection":[{"href":"https:\/\/gorydlamilosza.pl\/index.php\/wp-json\/wp\/v2\/posts"}],"about":[{"href":"https:\/\/gorydlamilosza.pl\/index.php\/wp-json\/wp\/v2\/types\/post"}],"author":[{"embeddable":true,"href":"https:\/\/gorydlamilosza.pl\/index.php\/wp-json\/wp\/v2\/users\/1"}],"replies":[{"embeddable":true,"href":"https:\/\/gorydlamilosza.pl\/index.php\/wp-json\/wp\/v2\/comments?post=1049"}],"version-history":[{"count":1,"href":"https:\/\/gorydlamilosza.pl\/index.php\/wp-json\/wp\/v2\/posts\/1049\/revisions"}],"predecessor-version":[{"id":1051,"href":"https:\/\/gorydlamilosza.pl\/index.php\/wp-json\/wp\/v2\/posts\/1049\/revisions\/1051"}],"wp:featuredmedia":[{"embeddable":true,"href":"https:\/\/gorydlamilosza.pl\/index.php\/wp-json\/wp\/v2\/media\/1050"}],"wp:attachment":[{"href":"https:\/\/gorydlamilosza.pl\/index.php\/wp-json\/wp\/v2\/media?parent=1049"}],"wp:term":[{"taxonomy":"category","embeddable":true,"href":"https:\/\/gorydlamilosza.pl\/index.php\/wp-json\/wp\/v2\/categories?post=1049"},{"taxonomy":"post_tag","embeddable":true,"href":"https:\/\/gorydlamilosza.pl\/index.php\/wp-json\/wp\/v2\/tags?post=1049"}],"curies":[{"name":"wp","href":"https:\/\/api.w.org\/{rel}","templated":true}]}}