{"id":1066,"date":"2018-09-30T18:28:00","date_gmt":"2018-09-30T16:28:00","guid":{"rendered":"http:\/\/wordpress2225437.home.pl\/palaszewski\/?p=1066"},"modified":"2022-09-16T18:30:29","modified_gmt":"2022-09-16T16:30:29","slug":"lysa-hora-w-beskidzie-slasko-morawskim","status":"publish","type":"post","link":"https:\/\/gorydlamilosza.pl\/index.php\/2018\/09\/30\/lysa-hora-w-beskidzie-slasko-morawskim\/","title":{"rendered":"\u0141ysa Hora w Beskidzie \u015al\u0105sko-Morawskim"},"content":{"rendered":"\n<p>Za nami pi\u0105ta wyprawa w Beskid \u015al\u0105sko-Morawski w tym roku. Za sw\u00f3j cel obrali\u015bmy najwy\u017cszy szczyt tego pasma, kt\u00f3rym jest Lysa Hora wznosz\u0105ca si\u0119 na wysoko\u015b\u0107 1323 m n.p.m. Wydawa\u0142o si\u0119 \u017ce trasa b\u0119dzie do\u015b\u0107 \u0142atwa bo mia\u0142a liczy\u0107 oko\u0142o 13 km. I tak by\u0142o. Jednak ich pokonanie zaj\u0119\u0142o nam nieco ponad 6 godzin. Jak \u0142atwo policzy\u0107 poruszali\u015bmy si\u0119 w tempie 2 km na godzin\u0119. Podej\u015bcie i zej\u015bcie okaza\u0142o si\u0119 m\u0119cz\u0105ce nawet dla nas doros\u0142ych i do\u015bwiadczonych g\u00f3ro\u0142az\u00f3w. Mi\u0142osz cho\u0107 ca\u0142o\u015b\u0107 pokona\u0142 samodzielnie to by\u0142 bardzo wyczerpany. Widoki na szczycie zrekompensowa\u0142y nam trudy w\u0119dr\u00f3wki. Lysa Hora to jeden z nielicznych szczyt\u00f3w, z kt\u00f3rym rozci\u0105ga si\u0119 tak szeroka panorama obejmuj\u0105ca Beskid \u015al\u0105ski i \u017bywiecki, Wielk\u0105 i Ma\u0142\u0105 Fatr\u0119, Wielki Chocz, a na horyzoncie widoczne by\u0142y za\u015bnie\u017cone ju\u017c szczyty Tatr. M\u0119cz\u0105ce wyprawy to takie, kt\u00f3re przeklina si\u0119 ca\u0142\u0105 drog\u0119 i wspomina z u\u015bmiechem na twarzy przez najbli\u017csze kilka lat. Do zobaczenia na szlaku!<\/p>\n","protected":false},"excerpt":{"rendered":"<p>Za nami pi\u0105ta wyprawa w Beskid \u015al\u0105sko-Morawski w tym roku. Za sw\u00f3j cel obrali\u015bmy najwy\u017cszy szczyt tego pasma, kt\u00f3rym jest Lysa Hora wznosz\u0105ca si\u0119 na wysoko\u015b\u0107 1323 m n.p.m. Wydawa\u0142o si\u0119 \u017ce trasa b\u0119dzie do\u015b\u0107 \u0142atwa bo mia\u0142a liczy\u0107 oko\u0142o 13 km. I tak by\u0142o. Jednak ich pokonanie zaj\u0119\u0142o nam nieco ponad 6 godzin.<\/p>\n","protected":false},"author":1,"featured_media":1067,"comment_status":"open","ping_status":"open","sticky":false,"template":"","format":"standard","meta":{"footnotes":""},"categories":[4],"tags":[],"class_list":["post-1066","post","type-post","status-publish","format-standard","has-post-thumbnail","hentry","category-blog"],"_links":{"self":[{"href":"https:\/\/gorydlamilosza.pl\/index.php\/wp-json\/wp\/v2\/posts\/1066","targetHints":{"allow":["GET"]}}],"collection":[{"href":"https:\/\/gorydlamilosza.pl\/index.php\/wp-json\/wp\/v2\/posts"}],"about":[{"href":"https:\/\/gorydlamilosza.pl\/index.php\/wp-json\/wp\/v2\/types\/post"}],"author":[{"embeddable":true,"href":"https:\/\/gorydlamilosza.pl\/index.php\/wp-json\/wp\/v2\/users\/1"}],"replies":[{"embeddable":true,"href":"https:\/\/gorydlamilosza.pl\/index.php\/wp-json\/wp\/v2\/comments?post=1066"}],"version-history":[{"count":1,"href":"https:\/\/gorydlamilosza.pl\/index.php\/wp-json\/wp\/v2\/posts\/1066\/revisions"}],"predecessor-version":[{"id":1068,"href":"https:\/\/gorydlamilosza.pl\/index.php\/wp-json\/wp\/v2\/posts\/1066\/revisions\/1068"}],"wp:featuredmedia":[{"embeddable":true,"href":"https:\/\/gorydlamilosza.pl\/index.php\/wp-json\/wp\/v2\/media\/1067"}],"wp:attachment":[{"href":"https:\/\/gorydlamilosza.pl\/index.php\/wp-json\/wp\/v2\/media?parent=1066"}],"wp:term":[{"taxonomy":"category","embeddable":true,"href":"https:\/\/gorydlamilosza.pl\/index.php\/wp-json\/wp\/v2\/categories?post=1066"},{"taxonomy":"post_tag","embeddable":true,"href":"https:\/\/gorydlamilosza.pl\/index.php\/wp-json\/wp\/v2\/tags?post=1066"}],"curies":[{"name":"wp","href":"https:\/\/api.w.org\/{rel}","templated":true}]}}