{"id":1072,"date":"2018-09-16T18:32:00","date_gmt":"2018-09-16T16:32:00","guid":{"rendered":"http:\/\/wordpress2225437.home.pl\/palaszewski\/?p=1072"},"modified":"2022-09-16T18:33:42","modified_gmt":"2022-09-16T16:33:42","slug":"prasiva-cupel-kycera","status":"publish","type":"post","link":"https:\/\/gorydlamilosza.pl\/index.php\/2018\/09\/16\/prasiva-cupel-kycera\/","title":{"rendered":"Pra\u0161iv\u00e1, \u010cupel, Ky\u010dera"},"content":{"rendered":"\n<p>Mi\u0142osz po zabiegu ma si\u0119 \u015bwietnie. Co prawda nadal nie chodzi do przedszkola, ale uczestniczy ju\u017c we wszystkich terapiach. Dzisiaj by\u0142a ta najbardziej wymagaj\u0105ca czyli g\u00f3rska. Nasz cel to ponownie Beskid \u015al\u0105sko-Morawski. Mi\u0142osz zdoby\u0142 dzisiaj a\u017c trzy szczyty. Kolejno\u00a0Pra\u0161iv\u00e1, \u010cupel i Ky\u010dera. I cho\u0107 wysoko\u015b\u0107 \u017cadnego z nich nie przekracza\u0142a 1000 m n.p.m. to sama trasa by\u0142a wyj\u0105tkowo malownicza i przyjemna. Jak wida\u0107 czasami nie trzeba wchodzi\u0107 wysoko aby cieszy\u0107 si\u0119 wspania\u0142ymi widokami.<\/p>\n","protected":false},"excerpt":{"rendered":"<p>Mi\u0142osz po zabiegu ma si\u0119 \u015bwietnie. Co prawda nadal nie chodzi do przedszkola, ale uczestniczy ju\u017c we wszystkich terapiach. Dzisiaj by\u0142a ta najbardziej wymagaj\u0105ca czyli g\u00f3rska. Nasz cel to ponownie Beskid \u015al\u0105sko-Morawski. Mi\u0142osz zdoby\u0142 dzisiaj a\u017c trzy szczyty.<\/p>\n","protected":false},"author":1,"featured_media":1073,"comment_status":"open","ping_status":"open","sticky":false,"template":"","format":"standard","meta":{"footnotes":""},"categories":[4],"tags":[],"class_list":["post-1072","post","type-post","status-publish","format-standard","has-post-thumbnail","hentry","category-blog"],"_links":{"self":[{"href":"https:\/\/gorydlamilosza.pl\/index.php\/wp-json\/wp\/v2\/posts\/1072","targetHints":{"allow":["GET"]}}],"collection":[{"href":"https:\/\/gorydlamilosza.pl\/index.php\/wp-json\/wp\/v2\/posts"}],"about":[{"href":"https:\/\/gorydlamilosza.pl\/index.php\/wp-json\/wp\/v2\/types\/post"}],"author":[{"embeddable":true,"href":"https:\/\/gorydlamilosza.pl\/index.php\/wp-json\/wp\/v2\/users\/1"}],"replies":[{"embeddable":true,"href":"https:\/\/gorydlamilosza.pl\/index.php\/wp-json\/wp\/v2\/comments?post=1072"}],"version-history":[{"count":1,"href":"https:\/\/gorydlamilosza.pl\/index.php\/wp-json\/wp\/v2\/posts\/1072\/revisions"}],"predecessor-version":[{"id":1074,"href":"https:\/\/gorydlamilosza.pl\/index.php\/wp-json\/wp\/v2\/posts\/1072\/revisions\/1074"}],"wp:featuredmedia":[{"embeddable":true,"href":"https:\/\/gorydlamilosza.pl\/index.php\/wp-json\/wp\/v2\/media\/1073"}],"wp:attachment":[{"href":"https:\/\/gorydlamilosza.pl\/index.php\/wp-json\/wp\/v2\/media?parent=1072"}],"wp:term":[{"taxonomy":"category","embeddable":true,"href":"https:\/\/gorydlamilosza.pl\/index.php\/wp-json\/wp\/v2\/categories?post=1072"},{"taxonomy":"post_tag","embeddable":true,"href":"https:\/\/gorydlamilosza.pl\/index.php\/wp-json\/wp\/v2\/tags?post=1072"}],"curies":[{"name":"wp","href":"https:\/\/api.w.org\/{rel}","templated":true}]}}