{"id":1118,"date":"2018-07-06T19:02:00","date_gmt":"2018-07-06T17:02:00","guid":{"rendered":"http:\/\/wordpress2225437.home.pl\/palaszewski\/?p=1118"},"modified":"2022-09-16T19:04:05","modified_gmt":"2022-09-16T17:04:05","slug":"tatry-nizne-ostredok","status":"publish","type":"post","link":"https:\/\/gorydlamilosza.pl\/index.php\/2018\/07\/06\/tatry-nizne-ostredok\/","title":{"rendered":"Tatry Ni\u017cne &#8211; Ostredok"},"content":{"rendered":"\n<p>Dzie\u0144 zacz\u0119li\u015bmy od zwiedzania Jaskini Lodowej. Troch\u0119 komercji, t\u0142umy ludzi, to zdecydowanie nie dla nas. Po wyj\u015bciu szybko oddali\u015bmy si\u0119, aby zdoby\u0107 nasz dzisiejszy cel \u2013 Ostredok. Szczyt nie jest wysoki (1167 m n.p.m.) szlak r\u00f3wnie\u017c nie jest specjalnie d\u0142ugi. Nasz\u0105 wycieczk\u0119 zamkn\u0119li\u015bmy p\u0119tl\u0105 licz\u0105c\u0105 9,5 km. Na uwag\u0119 zas\u0142uguje fakt, \u017ce dzisiejsz\u0105 w\u0119dr\u00f3wk\u0119 Mi\u0142osz pokona\u0142 w ca\u0142o\u015bci samodzielnie.<\/p>\n","protected":false},"excerpt":{"rendered":"<p>Dzie\u0144 zacz\u0119li\u015bmy od zwiedzania Jaskini Lodowej. Troch\u0119 komercji, t\u0142umy ludzi, to zdecydowanie nie dla nas. Po wyj\u015bciu szybko oddali\u015bmy si\u0119, aby zdoby\u0107 nasz dzisiejszy cel \u2013 Ostredok. Szczyt nie jest wysoki (1167 m n.p.m.) szlak r\u00f3wnie\u017c nie jest specjalnie d\u0142ugi. Nasz\u0105 wycieczk\u0119 zamkn\u0119li\u015bmy p\u0119tl\u0105 licz\u0105c\u0105 9,5 km. Na uwag\u0119 zas\u0142uguje fakt, \u017ce dzisiejsz\u0105 w\u0119dr\u00f3wk\u0119 Mi\u0142osz pokona\u0142 w ca\u0142o\u015bci samodzielnie.<\/p>\n","protected":false},"author":1,"featured_media":1119,"comment_status":"open","ping_status":"open","sticky":false,"template":"","format":"standard","meta":{"footnotes":""},"categories":[4],"tags":[],"class_list":["post-1118","post","type-post","status-publish","format-standard","has-post-thumbnail","hentry","category-blog"],"_links":{"self":[{"href":"https:\/\/gorydlamilosza.pl\/index.php\/wp-json\/wp\/v2\/posts\/1118","targetHints":{"allow":["GET"]}}],"collection":[{"href":"https:\/\/gorydlamilosza.pl\/index.php\/wp-json\/wp\/v2\/posts"}],"about":[{"href":"https:\/\/gorydlamilosza.pl\/index.php\/wp-json\/wp\/v2\/types\/post"}],"author":[{"embeddable":true,"href":"https:\/\/gorydlamilosza.pl\/index.php\/wp-json\/wp\/v2\/users\/1"}],"replies":[{"embeddable":true,"href":"https:\/\/gorydlamilosza.pl\/index.php\/wp-json\/wp\/v2\/comments?post=1118"}],"version-history":[{"count":1,"href":"https:\/\/gorydlamilosza.pl\/index.php\/wp-json\/wp\/v2\/posts\/1118\/revisions"}],"predecessor-version":[{"id":1120,"href":"https:\/\/gorydlamilosza.pl\/index.php\/wp-json\/wp\/v2\/posts\/1118\/revisions\/1120"}],"wp:featuredmedia":[{"embeddable":true,"href":"https:\/\/gorydlamilosza.pl\/index.php\/wp-json\/wp\/v2\/media\/1119"}],"wp:attachment":[{"href":"https:\/\/gorydlamilosza.pl\/index.php\/wp-json\/wp\/v2\/media?parent=1118"}],"wp:term":[{"taxonomy":"category","embeddable":true,"href":"https:\/\/gorydlamilosza.pl\/index.php\/wp-json\/wp\/v2\/categories?post=1118"},{"taxonomy":"post_tag","embeddable":true,"href":"https:\/\/gorydlamilosza.pl\/index.php\/wp-json\/wp\/v2\/tags?post=1118"}],"curies":[{"name":"wp","href":"https:\/\/api.w.org\/{rel}","templated":true}]}}