{"id":1132,"date":"2018-07-02T19:16:00","date_gmt":"2018-07-02T17:16:00","guid":{"rendered":"http:\/\/wordpress2225437.home.pl\/palaszewski\/?p=1132"},"modified":"2022-09-16T19:18:04","modified_gmt":"2022-09-16T17:18:04","slug":"tatry-nizne-krakova-hola","status":"publish","type":"post","link":"https:\/\/gorydlamilosza.pl\/index.php\/2018\/07\/02\/tatry-nizne-krakova-hola\/","title":{"rendered":"Tatry Ni\u017cne &#8211; Krakova hola"},"content":{"rendered":"\n<p>To by\u0142 trudny dzie\u0144 w ca\u0142o\u015bci sp\u0119dzony na szlaku, ale jednocze\u015bnie cudowny. Chocia\u017c nie czuj\u0119 n\u00f3g i pewnie jutro b\u0119d\u0119 st\u0119ka\u0107 to warto by\u0142o. Naszym celem by\u0142a Krakova hola (1752 m n.p.m.). Pocz\u0105tkowo szlak by\u0142 bardzo przyjemny i nic nie zapowiada\u0142o nadchodz\u0105cych problem\u00f3w. Niestety znowu w kilku miejscach szlak by\u0142 ca\u0142kowicie zawalony drzewami. Stracili\u015bmy sporo czasu i si\u0142 aby pokona\u0107 wszystkie przeszkody i wcale nie by\u0142am pewna czy za chwil\u0119 kt\u00f3ra\u015b z nich oka\u017ce si\u0119 by\u0107 nie do przej\u015bcia. Cho\u0107 szlaki w Tatrach Ni\u017cnych uwa\u017cam za wymagaj\u0105ce to Mi\u0142osz \u015bwietnie dawa\u0142 sobie rad\u0119. Niestety nie uda\u0142o mu si\u0119 zdoby\u0107 szczytu samodzielnie. Zabrak\u0142o mu dok\u0142adnie 800m (oko\u0142o 20 minut). Wydaje si\u0119 by\u0107 ma\u0142o ale nie da\u0142by ju\u017c rady. Na ca\u0142ej trasie odpoczywa\u0142 jeszcze kilka razy w nosidle (biedny tata). Widoki ze szczytu jak i pod szczytem zachwycaj\u0105ce. Jak na d\u0142oni mieli\u015bmy Ma\u0142\u0105 Fatr\u0119. Mogli\u015bmy wspomina\u0107 zesz\u0142oroczn\u0105 wypraw\u0119. Opr\u00f3cz tego doskonale widoczne Tatry Zachodnie i Wysokie (szczyty w chmurach) Wielki Chocz, czy Babia G\u00f3ra. Ca\u0142a dzisiejsza trasa liczy\u0142a prawie 19 km. Mam nadziej\u0119, \u017ce na jutro m\u00f3j ma\u017c przygotowa\u0142 co\u015b kr\u00f3tkiego.<\/p>\n","protected":false},"excerpt":{"rendered":"<p>To by\u0142 trudny dzie\u0144 w ca\u0142o\u015bci sp\u0119dzony na szlaku, ale jednocze\u015bnie cudowny. Chocia\u017c nie czuj\u0119 n\u00f3g i pewnie jutro b\u0119d\u0119 st\u0119ka\u0107 to warto by\u0142o. Naszym celem by\u0142a Krakova hola (1752 m n.p.m.). Pocz\u0105tkowo szlak by\u0142 bardzo przyjemny i nic nie zapowiada\u0142o nadchodz\u0105cych problem\u00f3w.<\/p>\n","protected":false},"author":1,"featured_media":1133,"comment_status":"open","ping_status":"open","sticky":false,"template":"","format":"standard","meta":{"footnotes":""},"categories":[4],"tags":[],"class_list":["post-1132","post","type-post","status-publish","format-standard","has-post-thumbnail","hentry","category-blog"],"_links":{"self":[{"href":"https:\/\/gorydlamilosza.pl\/index.php\/wp-json\/wp\/v2\/posts\/1132","targetHints":{"allow":["GET"]}}],"collection":[{"href":"https:\/\/gorydlamilosza.pl\/index.php\/wp-json\/wp\/v2\/posts"}],"about":[{"href":"https:\/\/gorydlamilosza.pl\/index.php\/wp-json\/wp\/v2\/types\/post"}],"author":[{"embeddable":true,"href":"https:\/\/gorydlamilosza.pl\/index.php\/wp-json\/wp\/v2\/users\/1"}],"replies":[{"embeddable":true,"href":"https:\/\/gorydlamilosza.pl\/index.php\/wp-json\/wp\/v2\/comments?post=1132"}],"version-history":[{"count":1,"href":"https:\/\/gorydlamilosza.pl\/index.php\/wp-json\/wp\/v2\/posts\/1132\/revisions"}],"predecessor-version":[{"id":1134,"href":"https:\/\/gorydlamilosza.pl\/index.php\/wp-json\/wp\/v2\/posts\/1132\/revisions\/1134"}],"wp:featuredmedia":[{"embeddable":true,"href":"https:\/\/gorydlamilosza.pl\/index.php\/wp-json\/wp\/v2\/media\/1133"}],"wp:attachment":[{"href":"https:\/\/gorydlamilosza.pl\/index.php\/wp-json\/wp\/v2\/media?parent=1132"}],"wp:term":[{"taxonomy":"category","embeddable":true,"href":"https:\/\/gorydlamilosza.pl\/index.php\/wp-json\/wp\/v2\/categories?post=1132"},{"taxonomy":"post_tag","embeddable":true,"href":"https:\/\/gorydlamilosza.pl\/index.php\/wp-json\/wp\/v2\/tags?post=1132"}],"curies":[{"name":"wp","href":"https:\/\/api.w.org\/{rel}","templated":true}]}}