{"id":1173,"date":"2018-06-04T17:36:00","date_gmt":"2018-06-04T15:36:00","guid":{"rendered":"http:\/\/wordpress2225437.home.pl\/palaszewski\/?p=1173"},"modified":"2022-09-18T17:37:53","modified_gmt":"2022-09-18T15:37:53","slug":"mierzeja-wislana-elblag","status":"publish","type":"post","link":"https:\/\/gorydlamilosza.pl\/index.php\/2018\/06\/04\/mierzeja-wislana-elblag\/","title":{"rendered":"Mierzeja Wi\u015blana &#8211; Elbl\u0105g"},"content":{"rendered":"\n<p>Dzisiaj chcieli\u015bmy nieco odpocz\u0105\u0107 od s\u0142o\u0144ca i schronili\u015bmy si\u0119 w lesie. Pojechali\u015bmy do pobliskiego Elbl\u0105ga. Tam na skraju Parku Krajobrazowego Wysoczyzny Elbl\u0105skiej znajduje si\u0119 Ba\u017cantarnia, a w niej liczne szlaki piesze. Nas szczeg\u00f3lnie urzek\u0142 jeden z nich \u2013 niebieski. Podzielony jest na dwa etapy le\u015bny i g\u00f3rski. I chyba nie musz\u0119 nikomu m\u00f3wi\u0107 dlaczego wybrali\u015bmy w\u0142a\u015bnie ten szlak. Szukaj\u0105c informacji na jego temat jedna powtarza\u0142a si\u0119 niemal wsz\u0119dzie \u201eszlak jest trudny i wymaga dobrej kondycji\u201d. Czyta\u0142am to z przymru\u017ceniem oka. Pierwsze 1,5 godziny up\u0142yn\u0119\u0142o nam na mi\u0142ym spacerku w pi\u0119knym li\u015bciastym lesie. Owszem by\u0142o i ostro pod g\u00f3rk\u0119 i z g\u00f3rki ale co dla nas. Potem odechcia\u0142o mi si\u0119 wszystkiego. Problemem nie jest nawet trudno\u015b\u0107 techniczna szlaku. Jest on tak rzadko odwiedzany, \u017ce cz\u0119\u015bciowo jest zaro\u015bni\u0119ty. Do tego dochodz\u0105 liczne powalone drzewa, kt\u00f3rych nikt nie usuwa. Kilka razy zgubili\u015bmy si\u0119. I gdyby nie aplikacja mobilna chyba musieliby\u015bmy zawr\u00f3ci\u0107. Pokonanie dystansu 12 kilometr\u00f3w zaj\u0119\u0142o nam ponad 4 godziny. Nale\u017ca\u0142a nam si\u0119 solidna dawka odpoczynku. A gdzie najlepiej jak nie na pla\u017cy, w ko\u0144cu jeste\u015bmy nad morzem.<\/p>\n","protected":false},"excerpt":{"rendered":"<p>Dzisiaj chcieli\u015bmy nieco odpocz\u0105\u0107 od s\u0142o\u0144ca i schronili\u015bmy si\u0119 w lesie. Pojechali\u015bmy do pobliskiego Elbl\u0105ga. Tam na skraju Parku Krajobrazowego Wysoczyzny Elbl\u0105skiej znajduje si\u0119 Ba\u017cantarnia, a w niej liczne szlaki piesze. Nas szczeg\u00f3lnie urzek\u0142 jeden z nich \u2013 niebieski. <\/p>\n","protected":false},"author":1,"featured_media":1171,"comment_status":"open","ping_status":"open","sticky":false,"template":"","format":"standard","meta":{"footnotes":""},"categories":[4],"tags":[],"class_list":["post-1173","post","type-post","status-publish","format-standard","has-post-thumbnail","hentry","category-blog"],"_links":{"self":[{"href":"https:\/\/gorydlamilosza.pl\/index.php\/wp-json\/wp\/v2\/posts\/1173","targetHints":{"allow":["GET"]}}],"collection":[{"href":"https:\/\/gorydlamilosza.pl\/index.php\/wp-json\/wp\/v2\/posts"}],"about":[{"href":"https:\/\/gorydlamilosza.pl\/index.php\/wp-json\/wp\/v2\/types\/post"}],"author":[{"embeddable":true,"href":"https:\/\/gorydlamilosza.pl\/index.php\/wp-json\/wp\/v2\/users\/1"}],"replies":[{"embeddable":true,"href":"https:\/\/gorydlamilosza.pl\/index.php\/wp-json\/wp\/v2\/comments?post=1173"}],"version-history":[{"count":1,"href":"https:\/\/gorydlamilosza.pl\/index.php\/wp-json\/wp\/v2\/posts\/1173\/revisions"}],"predecessor-version":[{"id":1174,"href":"https:\/\/gorydlamilosza.pl\/index.php\/wp-json\/wp\/v2\/posts\/1173\/revisions\/1174"}],"wp:featuredmedia":[{"embeddable":true,"href":"https:\/\/gorydlamilosza.pl\/index.php\/wp-json\/wp\/v2\/media\/1171"}],"wp:attachment":[{"href":"https:\/\/gorydlamilosza.pl\/index.php\/wp-json\/wp\/v2\/media?parent=1173"}],"wp:term":[{"taxonomy":"category","embeddable":true,"href":"https:\/\/gorydlamilosza.pl\/index.php\/wp-json\/wp\/v2\/categories?post=1173"},{"taxonomy":"post_tag","embeddable":true,"href":"https:\/\/gorydlamilosza.pl\/index.php\/wp-json\/wp\/v2\/tags?post=1173"}],"curies":[{"name":"wp","href":"https:\/\/api.w.org\/{rel}","templated":true}]}}