{"id":1226,"date":"2018-03-24T18:46:00","date_gmt":"2018-03-24T17:46:00","guid":{"rendered":"http:\/\/wordpress2225437.home.pl\/palaszewski\/?p=1226"},"modified":"2022-09-18T18:48:07","modified_gmt":"2022-09-18T16:48:07","slug":"wielka-racza-2","status":"publish","type":"post","link":"https:\/\/gorydlamilosza.pl\/index.php\/2018\/03\/24\/wielka-racza-2\/","title":{"rendered":"Wielka Racza"},"content":{"rendered":"\n<p>Rzadko zdarza nam si\u0119 wolna sobota. Jeszcze rzadziej wolna sobota wyst\u0119puje w parze z dobr\u0105 pogod\u0105. I dok\u0142adnie tak by\u0142o dzisiaj. Nie mogli\u015bmy tego inaczej uczci\u0107 jak tylko wyjazdem w g\u00f3ry. Nasz cel to znana nam ju\u017c Wielka Racza w Beskidzie \u017bywieckim. W g\u00f3rskich dolinach jest ju\u017c wiosna co oznacza\u0142o jedno \u2013 b\u0142oto na szlaku. Mi\u0142osz mia\u0142 je po same kolana. Kiedy sko\u0144czy\u0142o si\u0119 b\u0142oto szli\u015bmy po roztapiaj\u0105cym si\u0119 \u015bniegu i wodzie, a dalej po lodzie. Powy\u017cej 1000 m n.p.m. zima w pe\u0142ni. Uwielbiam ten szczyt. Panorama jaka si\u0119 st\u0105d rozci\u0105ga jest niesamowita. Z nostalgi\u0105 spogl\u0105dali\u015bmy na doskonale widoczn\u0105 Ma\u0142\u0105 Fatr\u0119. Nasz ma\u0142y zdobywca zas\u0142u\u017cy\u0142 dzisiaj na medal. Wielka Racza to kolejny szczyt, na kt\u00f3ry sam wszed\u0142 i zszed\u0142. Ca\u0142a trasa liczy\u0142a 12,5 km.<\/p>\n","protected":false},"excerpt":{"rendered":"<p>Rzadko zdarza nam si\u0119 wolna sobota. Jeszcze rzadziej wolna sobota wyst\u0119puje w parze z dobr\u0105 pogod\u0105. I dok\u0142adnie tak by\u0142o dzisiaj. Nie mogli\u015bmy tego inaczej uczci\u0107 jak tylko wyjazdem w g\u00f3ry. Nasz cel to znana nam ju\u017c Wielka Racza w Beskidzie \u017bywieckim.<\/p>\n","protected":false},"author":1,"featured_media":1227,"comment_status":"open","ping_status":"open","sticky":false,"template":"","format":"standard","meta":{"footnotes":""},"categories":[4],"tags":[],"class_list":["post-1226","post","type-post","status-publish","format-standard","has-post-thumbnail","hentry","category-blog"],"_links":{"self":[{"href":"https:\/\/gorydlamilosza.pl\/index.php\/wp-json\/wp\/v2\/posts\/1226","targetHints":{"allow":["GET"]}}],"collection":[{"href":"https:\/\/gorydlamilosza.pl\/index.php\/wp-json\/wp\/v2\/posts"}],"about":[{"href":"https:\/\/gorydlamilosza.pl\/index.php\/wp-json\/wp\/v2\/types\/post"}],"author":[{"embeddable":true,"href":"https:\/\/gorydlamilosza.pl\/index.php\/wp-json\/wp\/v2\/users\/1"}],"replies":[{"embeddable":true,"href":"https:\/\/gorydlamilosza.pl\/index.php\/wp-json\/wp\/v2\/comments?post=1226"}],"version-history":[{"count":1,"href":"https:\/\/gorydlamilosza.pl\/index.php\/wp-json\/wp\/v2\/posts\/1226\/revisions"}],"predecessor-version":[{"id":1228,"href":"https:\/\/gorydlamilosza.pl\/index.php\/wp-json\/wp\/v2\/posts\/1226\/revisions\/1228"}],"wp:featuredmedia":[{"embeddable":true,"href":"https:\/\/gorydlamilosza.pl\/index.php\/wp-json\/wp\/v2\/media\/1227"}],"wp:attachment":[{"href":"https:\/\/gorydlamilosza.pl\/index.php\/wp-json\/wp\/v2\/media?parent=1226"}],"wp:term":[{"taxonomy":"category","embeddable":true,"href":"https:\/\/gorydlamilosza.pl\/index.php\/wp-json\/wp\/v2\/categories?post=1226"},{"taxonomy":"post_tag","embeddable":true,"href":"https:\/\/gorydlamilosza.pl\/index.php\/wp-json\/wp\/v2\/tags?post=1226"}],"curies":[{"name":"wp","href":"https:\/\/api.w.org\/{rel}","templated":true}]}}