{"id":1291,"date":"2017-12-05T10:42:00","date_gmt":"2017-12-05T09:42:00","guid":{"rendered":"http:\/\/wordpress2225437.home.pl\/palaszewski\/?p=1291"},"modified":"2022-09-19T10:45:16","modified_gmt":"2022-09-19T08:45:16","slug":"wtorek-terapia-logopedyczna-i-scianka-wspinaczkowa","status":"publish","type":"post","link":"https:\/\/gorydlamilosza.pl\/index.php\/2017\/12\/05\/wtorek-terapia-logopedyczna-i-scianka-wspinaczkowa\/","title":{"rendered":"wtorek &#8211; terapia logopedyczna i \u015bcianka wspinaczkowa"},"content":{"rendered":"\n<p>Jak pewnie si\u0119 ju\u017c domy\u015blacie postanowi\u0142am przedstawi\u0107, a w\u0142a\u015bciwie przypomnie\u0107, jak wygl\u0105da tydzie\u0144 z \u017cycia Mi\u0142osza. Wtorek rozpoczynamy od zaj\u0119\u0107 z neurologoped\u0105. Aktualnie \u0107wiczymy wymow\u0119 g\u0142osek \u201eF\u201d i \u201eW\u201d. Uda\u0142o si\u0119 je u Mi\u0142osza wywo\u0142a\u0107 jednak nie wymawia ich jeszcze spontanicznie. Na has\u0142o \u201ejeszcze raz\u201d reaguje poprawn\u0105 wymow\u0105. Godzinne zaj\u0119cia trwaj\u0105 do 9:00. Dopiero po nich Mi\u0142osz jedzie do przedszkola. Popo\u0142udnie to prawdziwe wyzwanie \u2013 \u015bcianka wspinaczkowa! Od pa\u017adziernika Mi\u0142osz zadziwia mnie i wszystkich wok\u00f3\u0142 wspinaj\u0105c si\u0119 po \u015bciance. Z relacji taty wiem, \u017ce dzisiaj posz\u0142o mu wyj\u0105tkowo dobrze.<\/p>\n\n\n\n<figure class=\"wp-block-image size-large\"><img loading=\"lazy\" decoding=\"async\" width=\"1024\" height=\"683\" src=\"http:\/\/wordpress2225437.home.pl\/palaszewski\/wp-content\/uploads\/2022\/09\/scianka-wspinaczkowa-4-1024x683.jpg\" alt=\"\" class=\"wp-image-1293\" srcset=\"https:\/\/gorydlamilosza.pl\/wp-content\/uploads\/2022\/09\/scianka-wspinaczkowa-4-1024x683.jpg 1024w, https:\/\/gorydlamilosza.pl\/wp-content\/uploads\/2022\/09\/scianka-wspinaczkowa-4-300x200.jpg 300w, https:\/\/gorydlamilosza.pl\/wp-content\/uploads\/2022\/09\/scianka-wspinaczkowa-4-768x512.jpg 768w, https:\/\/gorydlamilosza.pl\/wp-content\/uploads\/2022\/09\/scianka-wspinaczkowa-4-1140x760.jpg 1140w, https:\/\/gorydlamilosza.pl\/wp-content\/uploads\/2022\/09\/scianka-wspinaczkowa-4.jpg 1200w\" sizes=\"auto, (max-width: 1024px) 100vw, 1024px\" \/><\/figure>\n","protected":false},"excerpt":{"rendered":"<p>Jak pewnie si\u0119 ju\u017c domy\u015blacie postanowi\u0142am przedstawi\u0107, a w\u0142a\u015bciwie przypomnie\u0107, jak wygl\u0105da tydzie\u0144 z \u017cycia Mi\u0142osza. Wtorek rozpoczynamy od zaj\u0119\u0107 z neurologoped\u0105. Aktualnie \u0107wiczymy wymow\u0119 g\u0142osek \u201eF\u201d i \u201eW\u201d. Uda\u0142o si\u0119 je u Mi\u0142osza wywo\u0142a\u0107 jednak nie wymawia ich jeszcze spontanicznie. <\/p>\n","protected":false},"author":1,"featured_media":1292,"comment_status":"open","ping_status":"open","sticky":false,"template":"","format":"standard","meta":{"footnotes":""},"categories":[4],"tags":[],"class_list":["post-1291","post","type-post","status-publish","format-standard","has-post-thumbnail","hentry","category-blog"],"_links":{"self":[{"href":"https:\/\/gorydlamilosza.pl\/index.php\/wp-json\/wp\/v2\/posts\/1291","targetHints":{"allow":["GET"]}}],"collection":[{"href":"https:\/\/gorydlamilosza.pl\/index.php\/wp-json\/wp\/v2\/posts"}],"about":[{"href":"https:\/\/gorydlamilosza.pl\/index.php\/wp-json\/wp\/v2\/types\/post"}],"author":[{"embeddable":true,"href":"https:\/\/gorydlamilosza.pl\/index.php\/wp-json\/wp\/v2\/users\/1"}],"replies":[{"embeddable":true,"href":"https:\/\/gorydlamilosza.pl\/index.php\/wp-json\/wp\/v2\/comments?post=1291"}],"version-history":[{"count":1,"href":"https:\/\/gorydlamilosza.pl\/index.php\/wp-json\/wp\/v2\/posts\/1291\/revisions"}],"predecessor-version":[{"id":1294,"href":"https:\/\/gorydlamilosza.pl\/index.php\/wp-json\/wp\/v2\/posts\/1291\/revisions\/1294"}],"wp:featuredmedia":[{"embeddable":true,"href":"https:\/\/gorydlamilosza.pl\/index.php\/wp-json\/wp\/v2\/media\/1292"}],"wp:attachment":[{"href":"https:\/\/gorydlamilosza.pl\/index.php\/wp-json\/wp\/v2\/media?parent=1291"}],"wp:term":[{"taxonomy":"category","embeddable":true,"href":"https:\/\/gorydlamilosza.pl\/index.php\/wp-json\/wp\/v2\/categories?post=1291"},{"taxonomy":"post_tag","embeddable":true,"href":"https:\/\/gorydlamilosza.pl\/index.php\/wp-json\/wp\/v2\/tags?post=1291"}],"curies":[{"name":"wp","href":"https:\/\/api.w.org\/{rel}","templated":true}]}}