{"id":1341,"date":"2017-10-14T12:19:00","date_gmt":"2017-10-14T10:19:00","guid":{"rendered":"http:\/\/wordpress2225437.home.pl\/palaszewski\/?p=1341"},"modified":"2022-09-19T12:21:43","modified_gmt":"2022-09-19T10:21:43","slug":"pieniny-wysoka","status":"publish","type":"post","link":"https:\/\/gorydlamilosza.pl\/index.php\/2017\/10\/14\/pieniny-wysoka\/","title":{"rendered":"Pieniny &#8211; Wysoka"},"content":{"rendered":"\n<p>O jesiennej wyprawie g\u00f3rskiej my\u015bleli\u015bmy ju\u017c od czasu powrotu z Ma\u0142ej Fatry, a wi\u0119c jeszcze w sierpniu. Wszystko za spraw\u0105 fizjoterapeut\u00f3w Mi\u0142osza, kt\u00f3rzy zgodnie stwierdzili po naszym powrocie, \u017ce takie samodzielne chodzenie po g\u00f3rach to dla niego prawdziwy turnus rehabilitacyjny oraz, \u017ce na sali nigdy nie da si\u0119 odwzorowa\u0107 tego z czym ma do czynienia na szlaku. Niestety pogoda nie sprzyja\u0142a naszym planom. Zmieni\u0142o si\u0119 to niemal z dnia na dzie\u0144. Dlatego w czwartek wieczorem pospiesznie spakowali\u015bmy walizki, a w pi\u0105tek p\u00f3\u017anym popo\u0142udniem, kiedy Mi\u0142osz sko\u0144czy\u0142 wszystkie zaj\u0119cia wyruszyli\u015bmy w Pieniny. Za nasz cel wybrali\u015bmy najwy\u017cszy szczyt Pienin czyli Wysokie Ska\u0142ki lub jak kto woli po prostu Wysoka. Ca\u0142a wyprawa przepe\u0142niona jest wspomnieniami naszych wakacji z 2014 kiedy byli\u015bmy tu z Mi\u0142oszem. Wyruszyli\u015bmy zupe\u0142nie tak samo jak wtedy z Jaworek przez rezerwat Bia\u0142a Woda, dalej prze\u0142\u0119cz Rozdziela, gdzie skierowali\u015bmy si\u0119 prosto na szczyt. Powr\u00f3t przez W\u0105w\u00f3z Homole. Wielkie brawa nale\u017c\u0105 si\u0119 dla Mi\u0142osza, kt\u00f3ry sam doszed\u0142 na szczyt. Pokona\u0142 niemal 9,5 kilometra. W nagrod\u0119 tata zni\u00f3s\u0142 go w nosidle. Cho\u0107 trzeba przyzna\u0107, \u017ce prawdziw\u0105 nagrod\u0105 dla niego by\u0142o spotkanie psa Latika na szczycie, kt\u00f3rego oczywi\u015bcie m\u00f3g\u0142 pog\u0142aska\u0107.<\/p>\n","protected":false},"excerpt":{"rendered":"<p>O jesiennej wyprawie g\u00f3rskiej my\u015bleli\u015bmy ju\u017c od czasu powrotu z Ma\u0142ej Fatry, a wi\u0119c jeszcze w sierpniu. Wszystko za spraw\u0105 fizjoterapeut\u00f3w Mi\u0142osza, kt\u00f3rzy zgodnie stwierdzili po naszym powrocie, \u017ce takie samodzielne chodzenie po g\u00f3rach to dla niego prawdziwy turnus rehabilitacyjny oraz, \u017ce na sali nigdy nie da si\u0119 odwzorowa\u0107 tego z czym ma do czynienia na szlaku. <\/p>\n","protected":false},"author":1,"featured_media":1342,"comment_status":"open","ping_status":"open","sticky":false,"template":"","format":"standard","meta":{"footnotes":""},"categories":[4],"tags":[],"class_list":["post-1341","post","type-post","status-publish","format-standard","has-post-thumbnail","hentry","category-blog"],"_links":{"self":[{"href":"https:\/\/gorydlamilosza.pl\/index.php\/wp-json\/wp\/v2\/posts\/1341","targetHints":{"allow":["GET"]}}],"collection":[{"href":"https:\/\/gorydlamilosza.pl\/index.php\/wp-json\/wp\/v2\/posts"}],"about":[{"href":"https:\/\/gorydlamilosza.pl\/index.php\/wp-json\/wp\/v2\/types\/post"}],"author":[{"embeddable":true,"href":"https:\/\/gorydlamilosza.pl\/index.php\/wp-json\/wp\/v2\/users\/1"}],"replies":[{"embeddable":true,"href":"https:\/\/gorydlamilosza.pl\/index.php\/wp-json\/wp\/v2\/comments?post=1341"}],"version-history":[{"count":1,"href":"https:\/\/gorydlamilosza.pl\/index.php\/wp-json\/wp\/v2\/posts\/1341\/revisions"}],"predecessor-version":[{"id":1343,"href":"https:\/\/gorydlamilosza.pl\/index.php\/wp-json\/wp\/v2\/posts\/1341\/revisions\/1343"}],"wp:featuredmedia":[{"embeddable":true,"href":"https:\/\/gorydlamilosza.pl\/index.php\/wp-json\/wp\/v2\/media\/1342"}],"wp:attachment":[{"href":"https:\/\/gorydlamilosza.pl\/index.php\/wp-json\/wp\/v2\/media?parent=1341"}],"wp:term":[{"taxonomy":"category","embeddable":true,"href":"https:\/\/gorydlamilosza.pl\/index.php\/wp-json\/wp\/v2\/categories?post=1341"},{"taxonomy":"post_tag","embeddable":true,"href":"https:\/\/gorydlamilosza.pl\/index.php\/wp-json\/wp\/v2\/tags?post=1341"}],"curies":[{"name":"wp","href":"https:\/\/api.w.org\/{rel}","templated":true}]}}