{"id":1378,"date":"2017-08-21T12:43:00","date_gmt":"2017-08-21T10:43:00","guid":{"rendered":"http:\/\/wordpress2225437.home.pl\/palaszewski\/?p=1378"},"modified":"2022-09-19T12:45:30","modified_gmt":"2022-09-19T10:45:30","slug":"mala-fatra-maly-rozsutec","status":"publish","type":"post","link":"https:\/\/gorydlamilosza.pl\/index.php\/2017\/08\/21\/mala-fatra-maly-rozsutec\/","title":{"rendered":"Ma\u0142a Fatra &#8211; Ma\u0142y Rozsutec"},"content":{"rendered":"\n<p>Nad Ma\u0142\u0105 Fatr\u0105 za\u015bwieci\u0142o s\u0142o\u0144ce! Ju\u017c o 8:30 byli\u015bmy na szlaku. To wcze\u015bnie, prawda ale plan by\u0142 ambitny \u2013 Ma\u0142y Rozsutec. Wed\u0142ug mapy czeka\u0142o nas co najmniej pi\u0119\u0107 godzin marszu plus odpoczynki. Podej\u015bcie i zej\u015bcie z samego szczytu Mi\u0142osz pokona\u0142 w nosidle. Si\u0142 mia\u0142 jeszcze sporo ale nie da\u0142by rady wspina\u0107 po \u0142a\u0144cuchach i klamrach. Poza tym by\u0142oby to bardzo niebezpieczne. Ja sama si\u0119 ba\u0142am. Dodatkowo dochodzi\u0142y do mnie co jaki\u015b czas j\u0119ki taty. Nie ma si\u0119 co dziwi\u0107. Wchodzi\u0142 po niemal pionowej \u015bcianie, a na plecach mia\u0142 16 kilogram\u00f3w \u017cywej wagi plus baga\u017c. Widoki ze szczytu zrekompensowa\u0142y nam ca\u0142y trud. Zej\u015bcie by\u0142o r\u00f3wnie trudne jak wej\u015bcie. Na polanie pod szczytem zobaczyli\u015bmy go w ca\u0142ej okaza\u0142o\u015bci. Ochom i achom nie by\u0142o ko\u0144ca. Wracali\u015bmy szlakiem prowadz\u0105cym przez Diery. Widoki zapieraj\u0105 dech w piersiach. Ilekro\u0107 pojawia\u0142y si\u0119 \u0142a\u0144cuchy, klamry czy liny stalowe Mi\u0142osz wchodzi\u0142 do nosid\u0142a. To by\u0142 d\u0142ugi dzie\u0144. To by\u0142 pi\u0119kny dzie\u0144.<\/p>\n","protected":false},"excerpt":{"rendered":"<p>Nad Ma\u0142\u0105 Fatr\u0105 za\u015bwieci\u0142o s\u0142o\u0144ce! Ju\u017c o 8:30 byli\u015bmy na szlaku. To wcze\u015bnie, prawda ale plan by\u0142 ambitny \u2013 Ma\u0142y Rozsutec. Wed\u0142ug mapy czeka\u0142o nas co najmniej pi\u0119\u0107 godzin marszu plus odpoczynki. Podej\u015bcie i zej\u015bcie z samego szczytu Mi\u0142osz pokona\u0142 w nosidle. <\/p>\n","protected":false},"author":1,"featured_media":1379,"comment_status":"open","ping_status":"open","sticky":false,"template":"","format":"standard","meta":{"footnotes":""},"categories":[4],"tags":[],"class_list":["post-1378","post","type-post","status-publish","format-standard","has-post-thumbnail","hentry","category-blog"],"_links":{"self":[{"href":"https:\/\/gorydlamilosza.pl\/index.php\/wp-json\/wp\/v2\/posts\/1378","targetHints":{"allow":["GET"]}}],"collection":[{"href":"https:\/\/gorydlamilosza.pl\/index.php\/wp-json\/wp\/v2\/posts"}],"about":[{"href":"https:\/\/gorydlamilosza.pl\/index.php\/wp-json\/wp\/v2\/types\/post"}],"author":[{"embeddable":true,"href":"https:\/\/gorydlamilosza.pl\/index.php\/wp-json\/wp\/v2\/users\/1"}],"replies":[{"embeddable":true,"href":"https:\/\/gorydlamilosza.pl\/index.php\/wp-json\/wp\/v2\/comments?post=1378"}],"version-history":[{"count":1,"href":"https:\/\/gorydlamilosza.pl\/index.php\/wp-json\/wp\/v2\/posts\/1378\/revisions"}],"predecessor-version":[{"id":1380,"href":"https:\/\/gorydlamilosza.pl\/index.php\/wp-json\/wp\/v2\/posts\/1378\/revisions\/1380"}],"wp:featuredmedia":[{"embeddable":true,"href":"https:\/\/gorydlamilosza.pl\/index.php\/wp-json\/wp\/v2\/media\/1379"}],"wp:attachment":[{"href":"https:\/\/gorydlamilosza.pl\/index.php\/wp-json\/wp\/v2\/media?parent=1378"}],"wp:term":[{"taxonomy":"category","embeddable":true,"href":"https:\/\/gorydlamilosza.pl\/index.php\/wp-json\/wp\/v2\/categories?post=1378"},{"taxonomy":"post_tag","embeddable":true,"href":"https:\/\/gorydlamilosza.pl\/index.php\/wp-json\/wp\/v2\/tags?post=1378"}],"curies":[{"name":"wp","href":"https:\/\/api.w.org\/{rel}","templated":true}]}}