{"id":1384,"date":"2017-08-06T12:47:00","date_gmt":"2017-08-06T10:47:00","guid":{"rendered":"http:\/\/wordpress2225437.home.pl\/palaszewski\/?p=1384"},"modified":"2022-11-25T19:27:36","modified_gmt":"2022-11-25T18:27:36","slug":"malonowska-skala","status":"publish","type":"post","link":"https:\/\/gorydlamilosza.pl\/index.php\/2017\/08\/06\/malonowska-skala\/","title":{"rendered":"Malinowska Ska\u0142a"},"content":{"rendered":"\n<p>Po powrocie z Jury zapad\u0142a decyzja \u201ejutro jedziemy w g\u00f3ry\u201d.&nbsp;Mimo zm\u0119czenia, p\u00f3\u017anej pory, zacz\u0119\u0142am pakowa\u0107 plecaki, a tata w tym czasie szuka\u0142 szczytu, kt\u00f3ry Mi\u0142osz m\u00f3g\u0142by zdoby\u0107 o w\u0142asnych si\u0142ach. Ostatecznie wyb\u00f3r pad\u0142&nbsp;na Malinowsk\u0105 Ska\u0142\u0119 (1152 m n.p.m.) w Beskidzie \u015al\u0105skim. Kiedy tylko dotarli\u015bmy na parking zacz\u0105\u0142 pada\u0107 deszcz, a temperatura spad\u0142a do 15 C. Wyruszyli\u015bmy z ma\u0142ym op\u00f3\u017anieniem. Trasa by\u0142a kr\u00f3tsza od tej sprzed tygodnia. Mi\u0142osz radzi\u0142 sobie doskonale. To ju\u017c wytrawny turysta i to pomimo faktu, \u017ce ca\u0142\u0105 drog\u0119 powrotn\u0105 pada\u0142 deszcz. Dla Mi\u0142osza taka wycieczka to \u015bwietny trening. Sal\u0119 do integracji sensorycznej znale\u017ali\u015bmy na g\u00f3rskim szlaku!<\/p>\n","protected":false},"excerpt":{"rendered":"<p>Po powrocie z Jury zapad\u0142a decyzja \u201ejutro jedziemy w g\u00f3ry\u201d.\u00a0Mimo zm\u0119czenia, p\u00f3\u017anej pory, zacz\u0119\u0142am pakowa\u0107 plecaki, a tata w tym czasie szuka\u0142 szczytu, kt\u00f3ry Mi\u0142osz m\u00f3g\u0142by zdoby\u0107 o w\u0142asnych si\u0142ach. Ostatecznie wyb\u00f3r pad\u0142\u00a0na Malinowsk\u0105 Ska\u0142\u0119 (1152 m n.p.m.) w Beskidzie \u015al\u0105skim. <\/p>\n","protected":false},"author":1,"featured_media":1385,"comment_status":"open","ping_status":"open","sticky":false,"template":"","format":"standard","meta":{"footnotes":""},"categories":[4],"tags":[],"class_list":["post-1384","post","type-post","status-publish","format-standard","has-post-thumbnail","hentry","category-blog"],"_links":{"self":[{"href":"https:\/\/gorydlamilosza.pl\/index.php\/wp-json\/wp\/v2\/posts\/1384","targetHints":{"allow":["GET"]}}],"collection":[{"href":"https:\/\/gorydlamilosza.pl\/index.php\/wp-json\/wp\/v2\/posts"}],"about":[{"href":"https:\/\/gorydlamilosza.pl\/index.php\/wp-json\/wp\/v2\/types\/post"}],"author":[{"embeddable":true,"href":"https:\/\/gorydlamilosza.pl\/index.php\/wp-json\/wp\/v2\/users\/1"}],"replies":[{"embeddable":true,"href":"https:\/\/gorydlamilosza.pl\/index.php\/wp-json\/wp\/v2\/comments?post=1384"}],"version-history":[{"count":2,"href":"https:\/\/gorydlamilosza.pl\/index.php\/wp-json\/wp\/v2\/posts\/1384\/revisions"}],"predecessor-version":[{"id":2644,"href":"https:\/\/gorydlamilosza.pl\/index.php\/wp-json\/wp\/v2\/posts\/1384\/revisions\/2644"}],"wp:featuredmedia":[{"embeddable":true,"href":"https:\/\/gorydlamilosza.pl\/index.php\/wp-json\/wp\/v2\/media\/1385"}],"wp:attachment":[{"href":"https:\/\/gorydlamilosza.pl\/index.php\/wp-json\/wp\/v2\/media?parent=1384"}],"wp:term":[{"taxonomy":"category","embeddable":true,"href":"https:\/\/gorydlamilosza.pl\/index.php\/wp-json\/wp\/v2\/categories?post=1384"},{"taxonomy":"post_tag","embeddable":true,"href":"https:\/\/gorydlamilosza.pl\/index.php\/wp-json\/wp\/v2\/tags?post=1384"}],"curies":[{"name":"wp","href":"https:\/\/api.w.org\/{rel}","templated":true}]}}