{"id":1497,"date":"2017-03-01T17:30:00","date_gmt":"2017-03-01T16:30:00","guid":{"rendered":"http:\/\/wordpress2225437.home.pl\/palaszewski\/?p=1497"},"modified":"2022-09-19T17:32:33","modified_gmt":"2022-09-19T15:32:33","slug":"zmiany","status":"publish","type":"post","link":"https:\/\/gorydlamilosza.pl\/index.php\/2017\/03\/01\/zmiany\/","title":{"rendered":"zmiany"},"content":{"rendered":"\n<p>Od chwili\u00a0narodzin Mi\u0142osza jeste\u015bmy bardzo zaanga\u017cowani w jego terapi\u0119 i prowadzon\u0105 rehabilitacj\u0119. Staramy si\u0119\u00a0s\u0142ucha\u0107 wszelkich sugestii i pracowa\u0107 tak, jak proponuj\u0105\u00a0nam specjali\u015bci.\u00a0Terapia ta jest bardzo trudna i niejednokrotnie przechodzimy ci\u0119\u017ckie\u00a0chwile. Ca\u0142y czas jednak\u00a0wierzymy, \u017ce\u00a0to dobra droga i dojdziemy w ko\u0144cu do celu. Jednak dzisiaj jeste\u015bmy na rozdro\u017cu. W grafiku Mi\u0142osza du\u017co zmian. W grudniu zako\u0144czy\u0142 si\u0119 roczny program w SOSW Ziemi\u0119cice finansowany ze \u015brodk\u00f3w PFRON-u, dzi\u0119ki kt\u00f3remu syn mia\u0142 bezp\u0142atnie prowadzone systematyczne zaj\u0119cia z integracji sensorycznej oraz z neurologoped\u0105.\u00a0Co osi\u0105gn\u0119li\u015bmy przez ten rok? Bardzo du\u017co.\u00a0Mi\u0142osz\u00a0nauczy\u0142 si\u0119\u00a0m\u00f3wi\u0107.\u00a0Dziecko z dyzartri\u0105\u00a0jest w stanie powt\u00f3rzy\u0107\u00a0praktycznie ka\u017cde s\u0142owo, i wypowiedzie\u0107\u00a0proste zdania. Jest wielce\u00a0prawdopodobne, \u017ce znaj\u0105c trudno\u015bci\u00a0Mi\u0142osza, bez tej pracy nie by\u0142by\u00a0w stanie wyartyku\u0142owa\u0107 nic. W czasie naszej terapii mieli\u015bmy do\u00a0czynienia z terapeutami zaanga\u017cowanymi, otrzymali\u015bmy od nich wiele\u00a0wsparcia, po\u015bwi\u0119cili nam du\u017co czasu i si\u0142.\u00a0Osi\u0105gn\u0119li\u015bmy wiele. Niestety wiemy ju\u017c, \u017ce wniosek o dofinansowanie programu na kolejny rok zosta\u0142 odrzucony. Jednak my nie mo\u017cemy zrezygnowa\u0107 z terapii, dlatego od lutego Mi\u0142osz ucz\u0119szcza na prywatne zaj\u0119cia z t\u0105 sam\u0105 Pani\u0105, w takim samym wymiarze jak dotychczas, za to w nowym miejscu. Zaj\u0119cia z integracji sensorycznej i z tyflopedagogiem b\u0119dziemy realizowa\u0107 w ramach WWR (wczesne wspomaganie rozwoju, finansowane przez NFZ), wracamy pod opiek\u0119 specjalist\u00f3w, kt\u00f3rych znamy. W przedszkolu syn nie zmieni\u0142 grupy, ale za to zmieni\u0142a si\u0119 wychowawczyni i pedagog. W ramach wsparcia i adaptacji dziecka, syn ma swojego\u00a0asystenta. Od stycznia ucz\u0119szcza do przedszkola 5 razy w tygodniu, a nie jak dotychczas 3 (ze wzgl\u0119du na program), wszystkie dodatkowe zaj\u0119cia s\u0105 realizowane rano lub po po\u0142udniu. Bez zmian pozostaje ulubiony przez Mi\u0142osza basen i hipoterapia. Na nowo organizujemy sobie harmonogram zaj\u0119\u0107, kt\u00f3re s\u0105 niezb\u0119dne w jego rozwoju. Po drodze by\u0142o troch\u0119 pod g\u00f3rk\u0119. Teraz mog\u0119 napisa\u0107, \u017ce wysi\u0142ek, kt\u00f3ry w\u0142o\u017cyli\u015bmy w pokonaniu tych wszystkich trudno\u015bci op\u0142aca\u0142 si\u0119. Mam nadziej\u0119, \u017ce syn, kt\u00f3rego to wszystko dotyczy zaakceptuje zmiany i odnajdzie si\u0119 w nowej, lepszej rzeczywisto\u015bci.<\/p>\n","protected":false},"excerpt":{"rendered":"<p>Od chwili\u00a0narodzin Mi\u0142osza jeste\u015bmy bardzo zaanga\u017cowani w jego terapi\u0119 i prowadzon\u0105 rehabilitacj\u0119. Staramy si\u0119\u00a0s\u0142ucha\u0107 wszelkich sugestii i pracowa\u0107 tak, jak proponuj\u0105\u00a0nam specjali\u015bci.\u00a0Terapia ta jest bardzo trudna i niejednokrotnie przechodzimy ci\u0119\u017ckie\u00a0chwile. Ca\u0142y czas jednak\u00a0wierzymy, \u017ce\u00a0to dobra droga i dojdziemy w ko\u0144cu do celu. Jednak dzisiaj jeste\u015bmy na rozdro\u017cu. W grafiku Mi\u0142osza du\u017co zmian.<\/p>\n","protected":false},"author":1,"featured_media":1326,"comment_status":"open","ping_status":"open","sticky":false,"template":"","format":"standard","meta":{"footnotes":""},"categories":[4],"tags":[],"class_list":["post-1497","post","type-post","status-publish","format-standard","has-post-thumbnail","hentry","category-blog"],"_links":{"self":[{"href":"https:\/\/gorydlamilosza.pl\/index.php\/wp-json\/wp\/v2\/posts\/1497","targetHints":{"allow":["GET"]}}],"collection":[{"href":"https:\/\/gorydlamilosza.pl\/index.php\/wp-json\/wp\/v2\/posts"}],"about":[{"href":"https:\/\/gorydlamilosza.pl\/index.php\/wp-json\/wp\/v2\/types\/post"}],"author":[{"embeddable":true,"href":"https:\/\/gorydlamilosza.pl\/index.php\/wp-json\/wp\/v2\/users\/1"}],"replies":[{"embeddable":true,"href":"https:\/\/gorydlamilosza.pl\/index.php\/wp-json\/wp\/v2\/comments?post=1497"}],"version-history":[{"count":1,"href":"https:\/\/gorydlamilosza.pl\/index.php\/wp-json\/wp\/v2\/posts\/1497\/revisions"}],"predecessor-version":[{"id":1498,"href":"https:\/\/gorydlamilosza.pl\/index.php\/wp-json\/wp\/v2\/posts\/1497\/revisions\/1498"}],"wp:featuredmedia":[{"embeddable":true,"href":"https:\/\/gorydlamilosza.pl\/index.php\/wp-json\/wp\/v2\/media\/1326"}],"wp:attachment":[{"href":"https:\/\/gorydlamilosza.pl\/index.php\/wp-json\/wp\/v2\/media?parent=1497"}],"wp:term":[{"taxonomy":"category","embeddable":true,"href":"https:\/\/gorydlamilosza.pl\/index.php\/wp-json\/wp\/v2\/categories?post=1497"},{"taxonomy":"post_tag","embeddable":true,"href":"https:\/\/gorydlamilosza.pl\/index.php\/wp-json\/wp\/v2\/tags?post=1497"}],"curies":[{"name":"wp","href":"https:\/\/api.w.org\/{rel}","templated":true}]}}