{"id":1506,"date":"2017-01-23T18:41:00","date_gmt":"2017-01-23T17:41:00","guid":{"rendered":"http:\/\/wordpress2225437.home.pl\/palaszewski\/?p=1506"},"modified":"2022-09-19T18:43:28","modified_gmt":"2022-09-19T16:43:28","slug":"wielka-racza-zima","status":"publish","type":"post","link":"https:\/\/gorydlamilosza.pl\/index.php\/2017\/01\/23\/wielka-racza-zima\/","title":{"rendered":"Wielka Racza zim\u0105"},"content":{"rendered":"\n<p>Mi\u0142osz ma na swoim koncie sporo wej\u015b\u0107, w\u0119drowa\u0142 ju\u017c na swoich w\u0142asnych nogach po Bieszczadach, Karkonoszach i Beskidach, tyle, \u017ce wiosn\u0105, latem i jesieni\u0105. Wczoraj dokona\u0142 pierwszego podej\u015bcia na szczyt zim\u0105. Ca\u0142e zebrane dotychczasowe do\u015bwiadczenie pokonywania szlak\u00f3w to zdecydowanie za ma\u0142o. Bo zim\u0105 nale\u017cy nauczy\u0107 si\u0119 chodzi\u0107 od nowa, a to dlatego, \u017ce z pozornie r\u00f3wn\u0105 warstw\u0105 \u015bniegu trzeba si\u0119 oswoi\u0107, nauczy\u0107 si\u0119 rozpoznawa\u0107 zagro\u017cenia, a tym bardziej sobie z nimi radzi\u0107. O ile Mi\u0142osz \u015bwietnie sobie radzi na prostej nawierzchni, to ta nier\u00f3wna staje si\u0119 cz\u0119sto trudn\u0105 przeszkod\u0105 do pokonania. Zim\u0105 jest to du\u017co \u015bniegu, a latem du\u017co piasku na pla\u017cy. Problemem podczas tej w\u0119dr\u00f3wki by\u0142o nieprawid\u0142owe obci\u0105\u017canie lewej nogi. Dzi\u0119ki pomocy taty, powoli, momentami w \u017c\u00f3\u0142wim tempie Mi\u0142osz dzielnie pokona\u0142 3,5 kilometry w g\u00f3r\u0119, jednak do zdobycia Wielkiej Raczy (1236 m n.p.m.) zabrak\u0142o mu zaledwie 15-20 minut. Ten ostatni odcinek pokona\u0142 na sankach. W\u0119dr\u00f3wka \u017c\u00f3\u0142tym szlakiem z Rycerki G\u00f3rnej w trudnych zimowych warunkach zaj\u0119\u0142a nam ponad 3 godziny. Nie da si\u0119 zaprzeczy\u0107, \u017ce g\u00f3ry zim\u0105 s\u0105 wi\u0119kszym wyzwaniem, dlatego na dobry pocz\u0105tek wybrali\u015bmy tras\u0119 znan\u0105 i pokonan\u0105 latem w tym samym sk\u0142adzie tyle, \u017ce wtedy zaj\u0119\u0142o nam to nieca\u0142e 2 godziny. Wybrany przez nas szlak jest bardzo popularny wi\u0119c wiedzieli\u015bmy, \u017ce b\u0119dzie przetarty przez co \u0142atwiejszy do pokonania. G\u00f3rska wycieczka w zimowych warunkach to zupe\u0142nie nowe do\u015bwiadczenie. \u015anieg potrafi utworzy\u0107 scenografi\u0119 jak z bajki. Drog\u0119 powrotn\u0105 Mi\u0142osz pokona\u0142 na sankach w ekspresowym tempie. Razem z tat\u0105 zatrzymali si\u0119 dopiero przy aucie. Za nami 9 kilometr\u00f3w w\u0119dr\u00f3wki. Warto by\u0142o, okazuje si\u0119, \u017ce mo\u017cna wbrew pozorom czerpa\u0107 z takiej wyprawy przyjemno\u015bci, o jakie trudno w innych sezonach.<\/p>\n","protected":false},"excerpt":{"rendered":"<p>Mi\u0142osz ma na swoim koncie sporo wej\u015b\u0107, w\u0119drowa\u0142 ju\u017c na swoich w\u0142asnych nogach po Bieszczadach, Karkonoszach i Beskidach, tyle, \u017ce wiosn\u0105, latem i jesieni\u0105. Wczoraj dokona\u0142 pierwszego podej\u015bcia na szczyt zim\u0105. Ca\u0142e zebrane dotychczasowe do\u015bwiadczenie pokonywania szlak\u00f3w to zdecydowanie za ma\u0142o.<\/p>\n","protected":false},"author":1,"featured_media":1507,"comment_status":"open","ping_status":"open","sticky":false,"template":"","format":"standard","meta":{"footnotes":""},"categories":[4],"tags":[],"class_list":["post-1506","post","type-post","status-publish","format-standard","has-post-thumbnail","hentry","category-blog"],"_links":{"self":[{"href":"https:\/\/gorydlamilosza.pl\/index.php\/wp-json\/wp\/v2\/posts\/1506","targetHints":{"allow":["GET"]}}],"collection":[{"href":"https:\/\/gorydlamilosza.pl\/index.php\/wp-json\/wp\/v2\/posts"}],"about":[{"href":"https:\/\/gorydlamilosza.pl\/index.php\/wp-json\/wp\/v2\/types\/post"}],"author":[{"embeddable":true,"href":"https:\/\/gorydlamilosza.pl\/index.php\/wp-json\/wp\/v2\/users\/1"}],"replies":[{"embeddable":true,"href":"https:\/\/gorydlamilosza.pl\/index.php\/wp-json\/wp\/v2\/comments?post=1506"}],"version-history":[{"count":1,"href":"https:\/\/gorydlamilosza.pl\/index.php\/wp-json\/wp\/v2\/posts\/1506\/revisions"}],"predecessor-version":[{"id":1508,"href":"https:\/\/gorydlamilosza.pl\/index.php\/wp-json\/wp\/v2\/posts\/1506\/revisions\/1508"}],"wp:featuredmedia":[{"embeddable":true,"href":"https:\/\/gorydlamilosza.pl\/index.php\/wp-json\/wp\/v2\/media\/1507"}],"wp:attachment":[{"href":"https:\/\/gorydlamilosza.pl\/index.php\/wp-json\/wp\/v2\/media?parent=1506"}],"wp:term":[{"taxonomy":"category","embeddable":true,"href":"https:\/\/gorydlamilosza.pl\/index.php\/wp-json\/wp\/v2\/categories?post=1506"},{"taxonomy":"post_tag","embeddable":true,"href":"https:\/\/gorydlamilosza.pl\/index.php\/wp-json\/wp\/v2\/tags?post=1506"}],"curies":[{"name":"wp","href":"https:\/\/api.w.org\/{rel}","templated":true}]}}