{"id":1533,"date":"2016-11-17T19:01:00","date_gmt":"2016-11-17T18:01:00","guid":{"rendered":"http:\/\/wordpress2225437.home.pl\/palaszewski\/?p=1533"},"modified":"2022-09-19T19:02:48","modified_gmt":"2022-09-19T17:02:48","slug":"swiatowy-dzien-wczesniaka-2","status":"publish","type":"post","link":"https:\/\/gorydlamilosza.pl\/index.php\/2016\/11\/17\/swiatowy-dzien-wczesniaka-2\/","title":{"rendered":"\u015awiatowy Dzie\u0144 Wcze\u015bniaka"},"content":{"rendered":"\n<p>Walka o \u017cycie i zdrowie Mi\u0142osza, kt\u00f3ry urodzi\u0142 si\u0119\u00a0jako skrajny wcze\u015bniak w 27 tygodniu ci\u0105\u017cy, nie sko\u0144czy\u0142a\u00a0si\u0119 wraz z jego wyj\u015bciem ze szpitala po prawie 6 miesi\u0105cach. Wr\u0119cz odwrotnie, wtedy dopiero si\u0119 zacz\u0119\u0142a na dobre, nadal trwa i pewnie nigdy si\u0119 nie sko\u0144czy. Aby syn m\u00f3g\u0142 si\u0119 odpowiednio rozwija\u0107, nadrabia\u0107 stracony czas oraz r\u00f3\u017cnice w rozwoju potrzeba by\u0142o i nadal jest olbrzymiej determinacji i si\u0142y Mi\u0142osza oraz naszej, rodzic\u00f3w. Nasze dziecko wymaga sta\u0142ej kontroli wielu lekarzy specjalist\u00f3w (neurologa, okulisty, neurochirurga, neurologopedy itd.) oraz systematycznej terapii i rehabilitacji.\u00a0Wcze\u015bniejsze urodzenie si\u0119 dziecka ma wp\u0142yw na jego zdrowie nie tylko w pierwszych godzinach \u017cycia, ale tak\u017ce, tak jak w przypadku Mi\u0142osza, ma przede wszystkim swoje konsekwencje w jego przysz\u0142o\u015bci. Niestety.<\/p>\n","protected":false},"excerpt":{"rendered":"<p>Walka o \u017cycie i zdrowie Mi\u0142osza, kt\u00f3ry urodzi\u0142 si\u0119\u00a0jako skrajny wcze\u015bniak w 27 tygodniu ci\u0105\u017cy, nie sko\u0144czy\u0142a\u00a0si\u0119 wraz z jego wyj\u015bciem ze szpitala po prawie 6 miesi\u0105cach. Wr\u0119cz odwrotnie, wtedy dopiero si\u0119 zacz\u0119\u0142a na dobre, nadal trwa i pewnie nigdy si\u0119 nie sko\u0144czy. <\/p>\n","protected":false},"author":1,"featured_media":512,"comment_status":"open","ping_status":"open","sticky":false,"template":"","format":"standard","meta":{"footnotes":""},"categories":[4],"tags":[],"class_list":["post-1533","post","type-post","status-publish","format-standard","has-post-thumbnail","hentry","category-blog"],"_links":{"self":[{"href":"https:\/\/gorydlamilosza.pl\/index.php\/wp-json\/wp\/v2\/posts\/1533","targetHints":{"allow":["GET"]}}],"collection":[{"href":"https:\/\/gorydlamilosza.pl\/index.php\/wp-json\/wp\/v2\/posts"}],"about":[{"href":"https:\/\/gorydlamilosza.pl\/index.php\/wp-json\/wp\/v2\/types\/post"}],"author":[{"embeddable":true,"href":"https:\/\/gorydlamilosza.pl\/index.php\/wp-json\/wp\/v2\/users\/1"}],"replies":[{"embeddable":true,"href":"https:\/\/gorydlamilosza.pl\/index.php\/wp-json\/wp\/v2\/comments?post=1533"}],"version-history":[{"count":1,"href":"https:\/\/gorydlamilosza.pl\/index.php\/wp-json\/wp\/v2\/posts\/1533\/revisions"}],"predecessor-version":[{"id":1534,"href":"https:\/\/gorydlamilosza.pl\/index.php\/wp-json\/wp\/v2\/posts\/1533\/revisions\/1534"}],"wp:featuredmedia":[{"embeddable":true,"href":"https:\/\/gorydlamilosza.pl\/index.php\/wp-json\/wp\/v2\/media\/512"}],"wp:attachment":[{"href":"https:\/\/gorydlamilosza.pl\/index.php\/wp-json\/wp\/v2\/media?parent=1533"}],"wp:term":[{"taxonomy":"category","embeddable":true,"href":"https:\/\/gorydlamilosza.pl\/index.php\/wp-json\/wp\/v2\/categories?post=1533"},{"taxonomy":"post_tag","embeddable":true,"href":"https:\/\/gorydlamilosza.pl\/index.php\/wp-json\/wp\/v2\/tags?post=1533"}],"curies":[{"name":"wp","href":"https:\/\/api.w.org\/{rel}","templated":true}]}}