{"id":1535,"date":"2016-11-10T19:02:00","date_gmt":"2016-11-10T18:02:00","guid":{"rendered":"http:\/\/wordpress2225437.home.pl\/palaszewski\/?p=1535"},"modified":"2022-09-19T19:04:46","modified_gmt":"2022-09-19T17:04:46","slug":"konsultacje-ze-specjalistami","status":"publish","type":"post","link":"https:\/\/gorydlamilosza.pl\/index.php\/2016\/11\/10\/konsultacje-ze-specjalistami\/","title":{"rendered":"konsultacje ze specjalistami"},"content":{"rendered":"\n<p>Dawno nie pisa\u0142am o wizytach u specjalist\u00f3w, i to nie dlatego, \u017ce ich nie by\u0142o. Wr\u0119cz przeciwnie, by\u0142o ich sporo, a ostatnia u neurologa prowadz\u0105cego syna od urodzenia zako\u0144czy\u0142a prawdziwy maraton po gabinetach lekarskich.<\/p>\n\n\n\n<p>Ale od pocz\u0105tku. Mi\u0142osz ma ju\u017c wydane nowe orzeczenie o niepe\u0142nosprawno\u015bci na kolejne 3 lata. Tak\u0105 decyzj\u0119 wyda\u0142 lekarz orzekaj\u0105cy na komisji. Obecnie wszystkie formalno\u015bci, kt\u00f3re by\u0142y zwi\u0105zane z wydaniem aktualnej decyzji zosta\u0142y zrobione. Chyba ka\u017cdy, kto ten temat musia\u0142 za\u0142atwi\u0107 wie jaka to droga przez m\u0119k\u0119. Tym bardziej si\u0119 ciesz\u0119, \u017ce mamy to ju\u017c za sob\u0105.<\/p>\n\n\n\n<p>We wrze\u015bniu opr\u00f3cz stawienia si\u0119 na komisji lekarskiej w MOPR byli\u015bmy r\u00f3wnie\u017c&nbsp;w Krakowie na konsultacji neurologicznej praskiej kliniki lecz\u0105cej aminokwasami. Na podstawie wywiadu i wykonanego badania zosta\u0142o wybrane nowe&nbsp;po\u0142\u0105czenie aminokwas\u00f3w dla Mi\u0142osza. Obecnie syn przyjmuje kolejn\u0105 dawk\u0119 preparat\u00f3w.<\/p>\n\n\n\n<p>Za nami r\u00f3wnie\u017c wizyta kontrolna u okulisty (dr Pojda). To ju\u017c p\u00f3\u0142 roku po zabiegu korekty zeza u Mi\u0142osza, efekty tego zabiegu dos\u0142ownie wida\u0107 go\u0142ym okiem. Po badaniu lekarz potwierdzi\u0142, \u017ce nie ma u syna wady wzroku. Wizyta by\u0142a kr\u00f3tka jednak bardzo konkretna. Nast\u0119pna kontrola w styczniu.<\/p>\n\n\n\n<p>Najwa\u017cniejsz\u0105 wizyt\u0105 by\u0142a ta u&nbsp;neurologopedy (dr \u0141ada). Mi\u0142osz&nbsp;dzi\u0119ki systematycznej pracy m\u00f3g\u0142 si\u0119 pochwali\u0107 tym, co potrafi. Ale us\u0142ysze\u0107, \u017ce w ostatnich miesi\u0105cach odni\u00f3s\u0142 spektakularne osi\u0105gni\u0119cia to najwi\u0119ksza nagroda za nasz\u0105 prac\u0119.<\/p>\n\n\n\n<p>Ostatnia kontrola mia\u0142a miejsce kilka dni temu u neurologa (dr Surmacz). Po trwaj\u0105cej ponad godzin\u0119 konsultacji czas na kr\u00f3tkie podsumowanie. Mi\u0142osz pod\u0105\u017ca w dobrym kierunku. Idzie do przodu i to jest bardzo wa\u017cne w aspekcie jego samodzielno\u015bci, sprawno\u015bci oraz komunikacji. Mo\u017cna powiedzie\u0107, \u017ce niczym si\u0119 nie r\u00f3\u017cni od czterolatka, je\u015bli m\u00f3wimy o sprawno\u015bci funkcjonalnej, a nie estetycznej. Wchodzi i schodzi po schodach, je\u017adzi na rowerze, skacze, biega itd, nie ma znaczenia jak, cho\u0107 my nadal d\u0105\u017cymy do uzyskania jak najlepszej jako\u015bci w wykonywanych czynno\u015bciach. Pani\u0105 doktor martwi u syna nadpobudliwo\u015b\u0107 ruchowa, kt\u00f3ra z jednej strony przynosi sporo dobrego, a z drugiej strony, my jako rodzice musimy wiedzie\u0107 jak j\u0105 kontrolowa\u0107. To nasze zadanie na najbli\u017cszy czas.<\/p>\n","protected":false},"excerpt":{"rendered":"<p>Dawno nie pisa\u0142am o wizytach u specjalist\u00f3w, i to nie dlatego, \u017ce ich nie by\u0142o. Wr\u0119cz przeciwnie, by\u0142o ich sporo, a ostatnia u neurologa prowadz\u0105cego syna od urodzenia zako\u0144czy\u0142a prawdziwy maraton po gabinetach lekarskich.<\/p>\n","protected":false},"author":1,"featured_media":1500,"comment_status":"open","ping_status":"open","sticky":false,"template":"","format":"standard","meta":{"footnotes":""},"categories":[4],"tags":[],"class_list":["post-1535","post","type-post","status-publish","format-standard","has-post-thumbnail","hentry","category-blog"],"_links":{"self":[{"href":"https:\/\/gorydlamilosza.pl\/index.php\/wp-json\/wp\/v2\/posts\/1535","targetHints":{"allow":["GET"]}}],"collection":[{"href":"https:\/\/gorydlamilosza.pl\/index.php\/wp-json\/wp\/v2\/posts"}],"about":[{"href":"https:\/\/gorydlamilosza.pl\/index.php\/wp-json\/wp\/v2\/types\/post"}],"author":[{"embeddable":true,"href":"https:\/\/gorydlamilosza.pl\/index.php\/wp-json\/wp\/v2\/users\/1"}],"replies":[{"embeddable":true,"href":"https:\/\/gorydlamilosza.pl\/index.php\/wp-json\/wp\/v2\/comments?post=1535"}],"version-history":[{"count":1,"href":"https:\/\/gorydlamilosza.pl\/index.php\/wp-json\/wp\/v2\/posts\/1535\/revisions"}],"predecessor-version":[{"id":1536,"href":"https:\/\/gorydlamilosza.pl\/index.php\/wp-json\/wp\/v2\/posts\/1535\/revisions\/1536"}],"wp:featuredmedia":[{"embeddable":true,"href":"https:\/\/gorydlamilosza.pl\/index.php\/wp-json\/wp\/v2\/media\/1500"}],"wp:attachment":[{"href":"https:\/\/gorydlamilosza.pl\/index.php\/wp-json\/wp\/v2\/media?parent=1535"}],"wp:term":[{"taxonomy":"category","embeddable":true,"href":"https:\/\/gorydlamilosza.pl\/index.php\/wp-json\/wp\/v2\/categories?post=1535"},{"taxonomy":"post_tag","embeddable":true,"href":"https:\/\/gorydlamilosza.pl\/index.php\/wp-json\/wp\/v2\/tags?post=1535"}],"curies":[{"name":"wp","href":"https:\/\/api.w.org\/{rel}","templated":true}]}}