{"id":1549,"date":"2016-10-17T10:59:00","date_gmt":"2016-10-17T08:59:00","guid":{"rendered":"http:\/\/wordpress2225437.home.pl\/palaszewski\/?p=1549"},"modified":"2022-09-20T11:04:04","modified_gmt":"2022-09-20T09:04:04","slug":"premiera-krolowej-sniegu","status":"publish","type":"post","link":"https:\/\/gorydlamilosza.pl\/index.php\/2016\/10\/17\/premiera-krolowej-sniegu\/","title":{"rendered":"premiera \u201eKr\u00f3lowej \u015aniegu\u201d"},"content":{"rendered":"\n<p>Przepi\u0119kne stroje, zachwycaj\u0105ca scenografia i przede wszystkim pe\u0142ni energii podopieczni RFPN<br>i ich rodzice, pod okiem re\u017cysera 17 pa\u017adziernika 2016 roku na scenie Chorzowskiego Centrum Kultury wzi\u0119li udzia\u0142\u00a0w premierze przedstawienia \u201eKr\u00f3lowa \u015aniegu\u201d na podstawie jednej z ba\u015bni Andersena. Wszyscy spisali si\u0119 na medal. Owacjom nie by\u0142o ko\u0144ca. \u0141zy wzruszenia, dech zapieraj\u0105cy piersi. By\u0142o naprawd\u0119 pi\u0119knie. Ciesz\u0119 si\u0119, \u017ce moi ch\u0142opcy mogli by\u0107 cz\u0119\u015bci\u0105 tego niezwyk\u0142ego przedstawienia. Dzi\u0119kuj\u0119 organizatorom za mo\u017cliwo\u015b\u0107 wzi\u0119cia udzia\u0142u w tym wydarzeniu.<\/p>\n","protected":false},"excerpt":{"rendered":"<p>Przepi\u0119kne stroje, zachwycaj\u0105ca scenografia i przede wszystkim pe\u0142ni energii podopieczni RFPN<br \/>\ni ich rodzice, pod okiem re\u017cysera 17 pa\u017adziernika 2016 roku na scenie Chorzowskiego Centrum Kultury wzi\u0119li udzia\u0142\u00a0w premierze przedstawienia \u201eKr\u00f3lowa \u015aniegu\u201d na podstawie jednej z ba\u015bni Andersena. <\/p>\n","protected":false},"author":1,"featured_media":1550,"comment_status":"open","ping_status":"open","sticky":false,"template":"","format":"standard","meta":{"footnotes":""},"categories":[4],"tags":[],"class_list":["post-1549","post","type-post","status-publish","format-standard","has-post-thumbnail","hentry","category-blog"],"_links":{"self":[{"href":"https:\/\/gorydlamilosza.pl\/index.php\/wp-json\/wp\/v2\/posts\/1549","targetHints":{"allow":["GET"]}}],"collection":[{"href":"https:\/\/gorydlamilosza.pl\/index.php\/wp-json\/wp\/v2\/posts"}],"about":[{"href":"https:\/\/gorydlamilosza.pl\/index.php\/wp-json\/wp\/v2\/types\/post"}],"author":[{"embeddable":true,"href":"https:\/\/gorydlamilosza.pl\/index.php\/wp-json\/wp\/v2\/users\/1"}],"replies":[{"embeddable":true,"href":"https:\/\/gorydlamilosza.pl\/index.php\/wp-json\/wp\/v2\/comments?post=1549"}],"version-history":[{"count":1,"href":"https:\/\/gorydlamilosza.pl\/index.php\/wp-json\/wp\/v2\/posts\/1549\/revisions"}],"predecessor-version":[{"id":1551,"href":"https:\/\/gorydlamilosza.pl\/index.php\/wp-json\/wp\/v2\/posts\/1549\/revisions\/1551"}],"wp:featuredmedia":[{"embeddable":true,"href":"https:\/\/gorydlamilosza.pl\/index.php\/wp-json\/wp\/v2\/media\/1550"}],"wp:attachment":[{"href":"https:\/\/gorydlamilosza.pl\/index.php\/wp-json\/wp\/v2\/media?parent=1549"}],"wp:term":[{"taxonomy":"category","embeddable":true,"href":"https:\/\/gorydlamilosza.pl\/index.php\/wp-json\/wp\/v2\/categories?post=1549"},{"taxonomy":"post_tag","embeddable":true,"href":"https:\/\/gorydlamilosza.pl\/index.php\/wp-json\/wp\/v2\/tags?post=1549"}],"curies":[{"name":"wp","href":"https:\/\/api.w.org\/{rel}","templated":true}]}}