{"id":1564,"date":"2016-09-30T11:14:00","date_gmt":"2016-09-30T09:14:00","guid":{"rendered":"http:\/\/wordpress2225437.home.pl\/palaszewski\/?p=1564"},"modified":"2022-09-20T11:15:50","modified_gmt":"2022-09-20T09:15:50","slug":"terapia-logopedyczna-nauka-mowienia","status":"publish","type":"post","link":"https:\/\/gorydlamilosza.pl\/index.php\/2016\/09\/30\/terapia-logopedyczna-nauka-mowienia\/","title":{"rendered":"terapia logopedyczna &#8211; nauka m\u00f3wienia"},"content":{"rendered":"\n<p>Ka\u017cde dziecko ma w\u0142asne tempo rozwoju i z pewno\u015bci\u0105 nauczy si\u0119 tego wszystkiego, co jest w tabelach rozwoju, ale w swoim czasie. Mi\u0142osz ma swoje indywidualne tempo, je\u015bli chodzi o zdobywanie nowych umiej\u0119tno\u015bci. Tak by\u0142o ze wszystkim, czego do tej pory si\u0119 nauczy\u0142. Obecnie jest na etapie nauki m\u00f3wienia.\u00a0Czekaj\u0105c na pierwsze s\u0142owo czy zdanie, jakie wypowiedzia\u0142\u00a0Mi\u0142osz, warto zwr\u00f3ci\u0107 uwag\u0119, jak wiele ci\u0119\u017ckiej pracy go to kosztowa\u0142o. Wcze\u015bniactwo nie oszcz\u0119dzi\u0142o syna. W pakiecie schorze\u0144, kt\u00f3re ma nale\u017cy doda\u0107\u00a0zaburzenia charakterystyczne dla dyzartrii \u2013 faza wydechowa u syna jest skr\u00f3cona i wyst\u0119puje brak koordynacji oddechowo-artykulacyjno-fonacyjnej. Systematycznie od stycznia 3 razy w tygodniu syn ucz\u0119szcza na zaj\u0119cia do neurologopedy. Od samego pocz\u0105tku by\u0142o wida\u0107 efekty pracy dziecka ze specjalist\u0105. A kiedy s\u0142ysz\u0119 z ust pierwsze s\u0142owa, te proste dwusylabowe (mleko, banan, ma\u0142pa, foka, dynia, mango itd), nast\u0119pnie pierwsze zdania (\u201eMama daj auto!\u201d, \u201eTata obiera jab\u0142ko.\u201d itd), a obecnie s\u0142owa trzysylabowe (niebieski, gotuje, malina itd) to jestem szcz\u0119\u015bliwa i dumna. W przeci\u0105gu ostatnich miesi\u0119cy rozw\u00f3j Mi\u0142osza zyska\u0142 na dynamice. \u0141\u0105cznie wypowiada oko\u0142o 150 s\u0142\u00f3w i liczba ta stale wzrasta, a zas\u00f3b s\u0142ownictwa biernego jest du\u017co wy\u017cszy i odpowiada normie wieku korygowanego. Wymowa syna ma charakter dyzartryczny z typowymi zaburzeniami koordynacji oddechowo-fonacyjno-artykualcyjnej. W ostatnim czasie dzi\u0119ki wykonywanym \u0107wiczeniom mo\u017cna zauwa\u017cy\u0107 wyd\u0142u\u017cenie fazy wydechowej oddechu oraz wzmocnienie fonacji.\u00a0Zdajemy sobie spraw\u0119 z tego, \u017ce rozw\u00f3j jego mowy jest op\u00f3\u017aniony, jednak to co ju\u017c dzisiaj potrafi powiedzie\u0107 daje nadziej\u0119, \u017ce dzi\u0119ki ogromnej woli walki\u00a0oraz wsparciu najbli\u017cszych udaje mu si\u0119 pokona\u0107 chorob\u0119 na sw\u00f3j spos\u00f3b.<\/p>\n","protected":false},"excerpt":{"rendered":"<p>Ka\u017cde dziecko ma w\u0142asne tempo rozwoju i z pewno\u015bci\u0105 nauczy si\u0119 tego wszystkiego, co jest w tabelach rozwoju, ale w swoim czasie. Mi\u0142osz ma swoje indywidualne tempo, je\u015bli chodzi o zdobywanie nowych umiej\u0119tno\u015bci. Tak by\u0142o ze wszystkim, czego do tej pory si\u0119 nauczy\u0142. Obecnie jest na etapie nauki m\u00f3wienia.\u00a0<\/p>\n","protected":false},"author":1,"featured_media":1456,"comment_status":"open","ping_status":"open","sticky":false,"template":"","format":"standard","meta":{"footnotes":""},"categories":[4],"tags":[],"class_list":["post-1564","post","type-post","status-publish","format-standard","has-post-thumbnail","hentry","category-blog"],"_links":{"self":[{"href":"https:\/\/gorydlamilosza.pl\/index.php\/wp-json\/wp\/v2\/posts\/1564","targetHints":{"allow":["GET"]}}],"collection":[{"href":"https:\/\/gorydlamilosza.pl\/index.php\/wp-json\/wp\/v2\/posts"}],"about":[{"href":"https:\/\/gorydlamilosza.pl\/index.php\/wp-json\/wp\/v2\/types\/post"}],"author":[{"embeddable":true,"href":"https:\/\/gorydlamilosza.pl\/index.php\/wp-json\/wp\/v2\/users\/1"}],"replies":[{"embeddable":true,"href":"https:\/\/gorydlamilosza.pl\/index.php\/wp-json\/wp\/v2\/comments?post=1564"}],"version-history":[{"count":1,"href":"https:\/\/gorydlamilosza.pl\/index.php\/wp-json\/wp\/v2\/posts\/1564\/revisions"}],"predecessor-version":[{"id":1565,"href":"https:\/\/gorydlamilosza.pl\/index.php\/wp-json\/wp\/v2\/posts\/1564\/revisions\/1565"}],"wp:featuredmedia":[{"embeddable":true,"href":"https:\/\/gorydlamilosza.pl\/index.php\/wp-json\/wp\/v2\/media\/1456"}],"wp:attachment":[{"href":"https:\/\/gorydlamilosza.pl\/index.php\/wp-json\/wp\/v2\/media?parent=1564"}],"wp:term":[{"taxonomy":"category","embeddable":true,"href":"https:\/\/gorydlamilosza.pl\/index.php\/wp-json\/wp\/v2\/categories?post=1564"},{"taxonomy":"post_tag","embeddable":true,"href":"https:\/\/gorydlamilosza.pl\/index.php\/wp-json\/wp\/v2\/tags?post=1564"}],"curies":[{"name":"wp","href":"https:\/\/api.w.org\/{rel}","templated":true}]}}