{"id":1566,"date":"2016-09-07T11:15:00","date_gmt":"2016-09-07T09:15:00","guid":{"rendered":"http:\/\/wordpress2225437.home.pl\/palaszewski\/?p=1566"},"modified":"2022-09-20T11:17:42","modified_gmt":"2022-09-20T09:17:42","slug":"nowy-rower","status":"publish","type":"post","link":"https:\/\/gorydlamilosza.pl\/index.php\/2016\/09\/07\/nowy-rower\/","title":{"rendered":"nowy rower"},"content":{"rendered":"\n<p>Rower to jedna z \u00a0tych aktywno\u015bci, kt\u00f3r\u0105 warto\u00a0zarazi\u0107 swoje dziecko. Na pocz\u0105tku Mi\u0142osz je\u017adzi\u0142\u00a0w foteliku z tat\u0105, tym samym oswoi\u0142 si\u0119 ze\u00a0zmieniaj\u0105cym si\u0119 krajobrazem i poczu\u0142 wiatr we w\u0142osach podr\u00f3\u017cuj\u0105c na dw\u00f3ch k\u00f3\u0142kach. Potem\u00a0przyszed\u0142 czas na nauk\u0119 samodzielnej jazdy na rowerze, a dzi\u015b okazuje si\u0119 \u017ce rower jest ju\u017c za ma\u0142y. Wielko\u015b\u0107 roweru ma niebagatelne znaczenie, je\u015bli chodzi o prawid\u0142ow\u0105 postaw\u0119 w czasie jazdy dziecka na rowerze. Podobno \u201ejazdy na rowerze si\u0119 nie zapomina\u201d i w pe\u0142ni si\u0119 z tym zgadzam. Przerwa spowodowana wakacyjnym wyjazdem w Karkonosze w \u017caden spos\u00f3b nie przyczyni\u0142a si\u0119 do pogorszenia jako\u015bci jazdy Mi\u0142osza na rowerze! <\/p>\n","protected":false},"excerpt":{"rendered":"<p>Rower to jedna z \u00a0tych aktywno\u015bci, kt\u00f3r\u0105 warto\u00a0zarazi\u0107 swoje dziecko. Na pocz\u0105tku Mi\u0142osz je\u017adzi\u0142\u00a0w foteliku z tat\u0105, tym samym oswoi\u0142 si\u0119 ze\u00a0zmieniaj\u0105cym si\u0119 krajobrazem i poczu\u0142 wiatr we w\u0142osach podr\u00f3\u017cuj\u0105c na dw\u00f3ch k\u00f3\u0142kach. <\/p>\n","protected":false},"author":1,"featured_media":1567,"comment_status":"open","ping_status":"open","sticky":false,"template":"","format":"standard","meta":{"footnotes":""},"categories":[4],"tags":[],"class_list":["post-1566","post","type-post","status-publish","format-standard","has-post-thumbnail","hentry","category-blog"],"_links":{"self":[{"href":"https:\/\/gorydlamilosza.pl\/index.php\/wp-json\/wp\/v2\/posts\/1566","targetHints":{"allow":["GET"]}}],"collection":[{"href":"https:\/\/gorydlamilosza.pl\/index.php\/wp-json\/wp\/v2\/posts"}],"about":[{"href":"https:\/\/gorydlamilosza.pl\/index.php\/wp-json\/wp\/v2\/types\/post"}],"author":[{"embeddable":true,"href":"https:\/\/gorydlamilosza.pl\/index.php\/wp-json\/wp\/v2\/users\/1"}],"replies":[{"embeddable":true,"href":"https:\/\/gorydlamilosza.pl\/index.php\/wp-json\/wp\/v2\/comments?post=1566"}],"version-history":[{"count":1,"href":"https:\/\/gorydlamilosza.pl\/index.php\/wp-json\/wp\/v2\/posts\/1566\/revisions"}],"predecessor-version":[{"id":1568,"href":"https:\/\/gorydlamilosza.pl\/index.php\/wp-json\/wp\/v2\/posts\/1566\/revisions\/1568"}],"wp:featuredmedia":[{"embeddable":true,"href":"https:\/\/gorydlamilosza.pl\/index.php\/wp-json\/wp\/v2\/media\/1567"}],"wp:attachment":[{"href":"https:\/\/gorydlamilosza.pl\/index.php\/wp-json\/wp\/v2\/media?parent=1566"}],"wp:term":[{"taxonomy":"category","embeddable":true,"href":"https:\/\/gorydlamilosza.pl\/index.php\/wp-json\/wp\/v2\/categories?post=1566"},{"taxonomy":"post_tag","embeddable":true,"href":"https:\/\/gorydlamilosza.pl\/index.php\/wp-json\/wp\/v2\/tags?post=1566"}],"curies":[{"name":"wp","href":"https:\/\/api.w.org\/{rel}","templated":true}]}}