{"id":1631,"date":"2016-06-28T13:14:00","date_gmt":"2016-06-28T11:14:00","guid":{"rendered":"http:\/\/wordpress2225437.home.pl\/palaszewski\/?p=1631"},"modified":"2022-09-20T13:17:10","modified_gmt":"2022-09-20T11:17:10","slug":"pozegnanie-z-fizjoterapeuta","status":"publish","type":"post","link":"https:\/\/gorydlamilosza.pl\/index.php\/2016\/06\/28\/pozegnanie-z-fizjoterapeuta\/","title":{"rendered":"po\u017cegnanie z fizjoterapeut\u0105"},"content":{"rendered":"\n<p>Za nami naprawd\u0119 d\u0142uga i kr\u0119ta droga. Podczas trzyletniej podr\u00f3\u017cy oswoili\u015bmy naszego najwi\u0119kszego wroga MPD i mamy go pod kontrol\u0105.\u00a0Pod\u0105\u017caj\u0105c w\u0142a\u015bciw\u0105 drog\u0105, za przewodnikiem godnym zaufania jeste\u015bmy u celu. Pani Aneta, fizjoterapeutka prowadz\u0105ca syna od urodzenia, zako\u0144czy\u0142a terapi\u0119 z Mi\u0142oszem. Zdajemy sobie spraw\u0119 jak wiele trudnych i kluczowych etap\u00f3w rozwoju uda\u0142o si\u0119 osi\u0105gn\u0105\u0107 tylko dzi\u0119ki systematycznej i w\u0142a\u015bciwej (!) rehabilitacji. Niezliczone ilo\u015bci powt\u00f3rek poszczeg\u00f3lnych \u0107wicze\u0144\u00a0o r\u00f3\u017cnym stopniu trudno\u015bci, wyciskanie si\u00f3dmych pot\u00f3w, skupienie, nauka, u\u015bmiech, \u015bpiewanie piosenek, zdobywanie nowych umiej\u0119tno\u015bci. Dzisiaj Mi\u0142osz, to nieustraszony zdobywca najwy\u017cszych wzniesie\u0144 i niedost\u0119pnych zakamark\u00f3w. Jest szalenie ruchliwy. \u00a0Nie chodzi lecz biega i skacze. Z ochot\u0105\u00a0wdrapuje si\u0119 na co si\u0119 da, przeciska pod \u0142\u00f3\u017ckiem i zeskakuje z kanapy. A\u017c trudno uwierzy\u0107, \u017ce trzy lata temu nie potrafi\u0142 utrzyma\u0107 samodzielnie g\u0142\u00f3wki. To wszystko zawdzi\u0119cza profesjonalizmowi i do\u015bwiadczeniu swojej fizjoterapeutki, kt\u00f3ra zmierzy\u0142a si\u0119 z jego problemami i przygotowa\u0142a go do samodzielnego \u017cycia, a nas do pracy z dzieckiem. Trzy\u00a0lata rehabilitacji,\u00a0a\u017c w ko\u0144cu nadszed\u0142 dzie\u0144, gdy trzeba si\u0119 po\u017cegna\u0107. Taki moment jak ten wzi\u0105\u0142\u00a0nas w swoje obj\u0119cia z zaskoczenia i nie pyta czy jeste\u015bmy gotowi na nowy etap. Trudno wyrazi\u0107 s\u0142owami jak bardzo jeste\u015bmy wdzi\u0119czni. Otrzymali\u015bmy niezwyk\u0142y prezent, z jednej strony poczucie bezpiecze\u0144stwa, \u015bwiadomo\u015b\u0107 zako\u0144czenia z ogromnym sukcesem terapii, osi\u0105gni\u0119cia najwy\u017cszego poziomu samodzielno\u015bci dziecka, a z drugiej za\u015b motywuje, \u017ceby dzia\u0142a\u0107 na kolejnym etapie rozwoju dziecka. Szuka\u0107 i pr\u00f3bowa\u0107 nowych rozwi\u0105za\u0144, aby pom\u00f3c Mi\u0142oszowi w jego walce chocia\u017cby z\u00a0dyzartri\u0105.\u00a0Powoli opadaj\u0105 emocje, a my oswajamy si\u0119 z my\u015bl\u0105, \u017ce ju\u017c nie b\u0119dzie terapii ruchu we wtorki i pi\u0105tki. Ten czas na pewno wykorzystamy na inn\u0105, now\u0105 form\u0119 rehabilitacji. B\u0119dziemy t\u0119skni\u0107 za Pani\u0105 Anet\u0105. Jej opinia jest dla nas niezwykle wa\u017cna. Dlatego nadal zamierzamy konsultowa\u0107 z ni\u0105 wszystkie istotne decyzje dotycz\u0105ce Mi\u0142osza. Liczymy na doradztwo, obserwacje i sta\u0142y monitoring post\u0119p\u00f3w naszego dziecka, bo tylko dzi\u0119ki jej zaanga\u017cowaniu nasze\u00a0marzenie dotycz\u0105ce samodzielno\u015bci syna\u00a0sta\u0142o si\u0119 rzeczywisto\u015bci\u0105, i to w tak kr\u00f3tkim czasie. Dzi\u0119kujemy!<\/p>\n\n\n\n<figure class=\"wp-block-image size-large\"><img loading=\"lazy\" decoding=\"async\" width=\"1024\" height=\"683\" src=\"http:\/\/wordpress2225437.home.pl\/palaszewski\/wp-content\/uploads\/2022\/09\/IMG_4329-1024x683.jpg\" alt=\"\" class=\"wp-image-1633\" srcset=\"https:\/\/gorydlamilosza.pl\/wp-content\/uploads\/2022\/09\/IMG_4329-1024x683.jpg 1024w, https:\/\/gorydlamilosza.pl\/wp-content\/uploads\/2022\/09\/IMG_4329-300x200.jpg 300w, https:\/\/gorydlamilosza.pl\/wp-content\/uploads\/2022\/09\/IMG_4329-768x512.jpg 768w, https:\/\/gorydlamilosza.pl\/wp-content\/uploads\/2022\/09\/IMG_4329-1140x760.jpg 1140w, https:\/\/gorydlamilosza.pl\/wp-content\/uploads\/2022\/09\/IMG_4329.jpg 1200w\" sizes=\"auto, (max-width: 1024px) 100vw, 1024px\" \/><\/figure>\n","protected":false},"excerpt":{"rendered":"<p>Za nami naprawd\u0119 d\u0142uga i kr\u0119ta droga. Podczas trzyletniej podr\u00f3\u017cy oswoili\u015bmy naszego najwi\u0119kszego wroga MPD i mamy go pod kontrol\u0105.\u00a0Pod\u0105\u017caj\u0105c w\u0142a\u015bciw\u0105 drog\u0105, za przewodnikiem godnym zaufania jeste\u015bmy u celu. <\/p>\n","protected":false},"author":1,"featured_media":1632,"comment_status":"open","ping_status":"open","sticky":false,"template":"","format":"standard","meta":{"footnotes":""},"categories":[4],"tags":[],"class_list":["post-1631","post","type-post","status-publish","format-standard","has-post-thumbnail","hentry","category-blog"],"_links":{"self":[{"href":"https:\/\/gorydlamilosza.pl\/index.php\/wp-json\/wp\/v2\/posts\/1631","targetHints":{"allow":["GET"]}}],"collection":[{"href":"https:\/\/gorydlamilosza.pl\/index.php\/wp-json\/wp\/v2\/posts"}],"about":[{"href":"https:\/\/gorydlamilosza.pl\/index.php\/wp-json\/wp\/v2\/types\/post"}],"author":[{"embeddable":true,"href":"https:\/\/gorydlamilosza.pl\/index.php\/wp-json\/wp\/v2\/users\/1"}],"replies":[{"embeddable":true,"href":"https:\/\/gorydlamilosza.pl\/index.php\/wp-json\/wp\/v2\/comments?post=1631"}],"version-history":[{"count":1,"href":"https:\/\/gorydlamilosza.pl\/index.php\/wp-json\/wp\/v2\/posts\/1631\/revisions"}],"predecessor-version":[{"id":1634,"href":"https:\/\/gorydlamilosza.pl\/index.php\/wp-json\/wp\/v2\/posts\/1631\/revisions\/1634"}],"wp:featuredmedia":[{"embeddable":true,"href":"https:\/\/gorydlamilosza.pl\/index.php\/wp-json\/wp\/v2\/media\/1632"}],"wp:attachment":[{"href":"https:\/\/gorydlamilosza.pl\/index.php\/wp-json\/wp\/v2\/media?parent=1631"}],"wp:term":[{"taxonomy":"category","embeddable":true,"href":"https:\/\/gorydlamilosza.pl\/index.php\/wp-json\/wp\/v2\/categories?post=1631"},{"taxonomy":"post_tag","embeddable":true,"href":"https:\/\/gorydlamilosza.pl\/index.php\/wp-json\/wp\/v2\/tags?post=1631"}],"curies":[{"name":"wp","href":"https:\/\/api.w.org\/{rel}","templated":true}]}}