{"id":1659,"date":"2016-06-04T13:34:00","date_gmt":"2016-06-04T11:34:00","guid":{"rendered":"http:\/\/wordpress2225437.home.pl\/palaszewski\/?p=1659"},"modified":"2022-09-20T13:35:29","modified_gmt":"2022-09-20T11:35:29","slug":"wakacje-nad-morzem","status":"publish","type":"post","link":"https:\/\/gorydlamilosza.pl\/index.php\/2016\/06\/04\/wakacje-nad-morzem\/","title":{"rendered":"wakacje nad morzem"},"content":{"rendered":"\n<p>Zawsze wola\u0142am g\u00f3ry od morza. Nad Ba\u0142tyk by\u0142o mi zwykle mocno nie po drodze, dlatego pierwszy raz polskie pla\u017ce zobaczy\u0142am\u2026 rok temu. By\u0142am oczarowana. Miejscem, czasem, pogod\u0105, widokami. Ju\u017c wtedy by\u0142o pewne, \u017ce jeszcze tu wr\u00f3c\u0119.<\/p>\n\n\n\n<p>Piaszczysta pla\u017ca, pi\u0119kne wydmy, koj\u0105cy szum morza i odg\u0142osy fal rozbijaj\u0105cych si\u0119 o brzeg, malownicze zachody s\u0142o\u0144ca. Tak, to nasze wybrze\u017ce ba\u0142tyckie, nasz&nbsp;tegoroczny kierunek wakacyjny, a dok\u0142adnie&nbsp;S\u0142owi\u0144ski Park Narodowy, miejscowo\u015b\u0107 Rowy. Sp\u0119dzimy w tym urokliwym zak\u0105tku kilka dni korzystaj\u0105c z chwili wytchnienia i cudownego nadmorskiego klimatu.&nbsp;Zaczyna si\u0119 nasza niezwyk\u0142a wakacyjna przygoda z morzem w tle.<\/p>\n","protected":false},"excerpt":{"rendered":"<p>Zawsze wola\u0142am g\u00f3ry od morza. Nad Ba\u0142tyk by\u0142o mi zwykle mocno nie po drodze, dlatego pierwszy raz polskie pla\u017ce zobaczy\u0142am\u2026 rok temu. By\u0142am oczarowana. Miejscem, czasem, pogod\u0105, widokami. Ju\u017c wtedy by\u0142o pewne, \u017ce jeszcze tu wr\u00f3c\u0119.<\/p>\n","protected":false},"author":1,"featured_media":1660,"comment_status":"open","ping_status":"open","sticky":false,"template":"","format":"standard","meta":{"footnotes":""},"categories":[4],"tags":[],"class_list":["post-1659","post","type-post","status-publish","format-standard","has-post-thumbnail","hentry","category-blog"],"_links":{"self":[{"href":"https:\/\/gorydlamilosza.pl\/index.php\/wp-json\/wp\/v2\/posts\/1659","targetHints":{"allow":["GET"]}}],"collection":[{"href":"https:\/\/gorydlamilosza.pl\/index.php\/wp-json\/wp\/v2\/posts"}],"about":[{"href":"https:\/\/gorydlamilosza.pl\/index.php\/wp-json\/wp\/v2\/types\/post"}],"author":[{"embeddable":true,"href":"https:\/\/gorydlamilosza.pl\/index.php\/wp-json\/wp\/v2\/users\/1"}],"replies":[{"embeddable":true,"href":"https:\/\/gorydlamilosza.pl\/index.php\/wp-json\/wp\/v2\/comments?post=1659"}],"version-history":[{"count":1,"href":"https:\/\/gorydlamilosza.pl\/index.php\/wp-json\/wp\/v2\/posts\/1659\/revisions"}],"predecessor-version":[{"id":1661,"href":"https:\/\/gorydlamilosza.pl\/index.php\/wp-json\/wp\/v2\/posts\/1659\/revisions\/1661"}],"wp:featuredmedia":[{"embeddable":true,"href":"https:\/\/gorydlamilosza.pl\/index.php\/wp-json\/wp\/v2\/media\/1660"}],"wp:attachment":[{"href":"https:\/\/gorydlamilosza.pl\/index.php\/wp-json\/wp\/v2\/media?parent=1659"}],"wp:term":[{"taxonomy":"category","embeddable":true,"href":"https:\/\/gorydlamilosza.pl\/index.php\/wp-json\/wp\/v2\/categories?post=1659"},{"taxonomy":"post_tag","embeddable":true,"href":"https:\/\/gorydlamilosza.pl\/index.php\/wp-json\/wp\/v2\/tags?post=1659"}],"curies":[{"name":"wp","href":"https:\/\/api.w.org\/{rel}","templated":true}]}}