{"id":1789,"date":"2015-11-02T17:42:00","date_gmt":"2015-11-02T16:42:00","guid":{"rendered":"http:\/\/wordpress2225437.home.pl\/palaszewski\/?p=1789"},"modified":"2022-09-22T17:46:08","modified_gmt":"2022-09-22T15:46:08","slug":"terapia-domowa-polaczenia-2-elementowe","status":"publish","type":"post","link":"https:\/\/gorydlamilosza.pl\/index.php\/2015\/11\/02\/terapia-domowa-polaczenia-2-elementowe\/","title":{"rendered":"terapia domowa &#8211; po\u0142\u0105czenia 2-elementowe"},"content":{"rendered":"\n<p>D\u0142ugo wyczekiwany przez nas moment wreszcie nast\u0105pi\u0142: Mi\u0142osz zacz\u0105\u0142 \u0142\u0105czy\u0107 dwa s\u0142owa! Nasza ma\u0142a gadu\u0142a potrafi wym\u00f3wi\u0107: mama+cze\u015b\u0107, mama+papa, baba+cze\u015b\u0107, baba+papa, tata+cze\u015b\u0107, tata+papa. Potrafi r\u00f3wnie\u017c powiedzie\u0107 \u201enie ma\u201d, lecz to wyra\u017cenie nie jest zaliczane rozwojowo jako po\u0142\u0105czenia 2-elelentowe (co mog\u0142aby sugerowa\u0107 ortografia), gdy\u017c dzieci traktuj\u0105 je jako jedno s\u0142owo \u2013 podobnie: \u201edo domu\u201d, \u201ena stole\u201d, itp.<\/p>\n\n\n\n<p>W dalszym ci\u0105gu b\u0119dziemy rozwija\u0107 u syna ilo\u015b\u0107 i r\u00f3\u017cnorodno\u015b\u0107 tych po\u0142\u0105cze\u0144 \u2013 tak\u017ce z onomatopeizacj\u0105 (mama brum-brum, to bach, tam hau-hau, itp.) oraz koniecznie musimy zadba\u0107 o u\u017cywanie tych po\u0142\u0105cze\u0144 przez Mi\u0142oszka w komunikacji spontanicznej (nie tylko w trybie realizacji na polecenie). Kolejnym wyzwaniem b\u0119dzie przej\u015bcie od pu\u0142apu po\u0142\u0105cze\u0144 2-elementowych do pr\u00f3b zdaniowych. Kiedy to nast\u0105pi? Zobaczymy \ud83d\ude42<\/p>\n\n\n\n<figure class=\"wp-block-embed is-type-video is-provider-youtube wp-block-embed-youtube wp-embed-aspect-16-9 wp-has-aspect-ratio\"><div class=\"wp-block-embed__wrapper\">\n<iframe loading=\"lazy\" title=\"po\u0142\u0105czenia 2-elementowe\" width=\"960\" height=\"540\" src=\"https:\/\/www.youtube.com\/embed\/diIelP1rPLE?feature=oembed\" frameborder=\"0\" allow=\"accelerometer; autoplay; clipboard-write; encrypted-media; gyroscope; picture-in-picture\" allowfullscreen><\/iframe>\n<\/div><\/figure>\n","protected":false},"excerpt":{"rendered":"<p>D\u0142ugo wyczekiwany przez nas moment wreszcie nast\u0105pi\u0142: Mi\u0142osz zacz\u0105\u0142 \u0142\u0105czy\u0107 dwa s\u0142owa! Nasza ma\u0142a gadu\u0142a potrafi wym\u00f3wi\u0107: mama+cze\u015b\u0107, mama+papa, baba+cze\u015b\u0107, baba+papa, tata+cze\u015b\u0107, tata+papa. <\/p>\n","protected":false},"author":1,"featured_media":1791,"comment_status":"open","ping_status":"open","sticky":false,"template":"","format":"standard","meta":{"footnotes":""},"categories":[4],"tags":[],"class_list":["post-1789","post","type-post","status-publish","format-standard","has-post-thumbnail","hentry","category-blog"],"_links":{"self":[{"href":"https:\/\/gorydlamilosza.pl\/index.php\/wp-json\/wp\/v2\/posts\/1789","targetHints":{"allow":["GET"]}}],"collection":[{"href":"https:\/\/gorydlamilosza.pl\/index.php\/wp-json\/wp\/v2\/posts"}],"about":[{"href":"https:\/\/gorydlamilosza.pl\/index.php\/wp-json\/wp\/v2\/types\/post"}],"author":[{"embeddable":true,"href":"https:\/\/gorydlamilosza.pl\/index.php\/wp-json\/wp\/v2\/users\/1"}],"replies":[{"embeddable":true,"href":"https:\/\/gorydlamilosza.pl\/index.php\/wp-json\/wp\/v2\/comments?post=1789"}],"version-history":[{"count":1,"href":"https:\/\/gorydlamilosza.pl\/index.php\/wp-json\/wp\/v2\/posts\/1789\/revisions"}],"predecessor-version":[{"id":1792,"href":"https:\/\/gorydlamilosza.pl\/index.php\/wp-json\/wp\/v2\/posts\/1789\/revisions\/1792"}],"wp:featuredmedia":[{"embeddable":true,"href":"https:\/\/gorydlamilosza.pl\/index.php\/wp-json\/wp\/v2\/media\/1791"}],"wp:attachment":[{"href":"https:\/\/gorydlamilosza.pl\/index.php\/wp-json\/wp\/v2\/media?parent=1789"}],"wp:term":[{"taxonomy":"category","embeddable":true,"href":"https:\/\/gorydlamilosza.pl\/index.php\/wp-json\/wp\/v2\/categories?post=1789"},{"taxonomy":"post_tag","embeddable":true,"href":"https:\/\/gorydlamilosza.pl\/index.php\/wp-json\/wp\/v2\/tags?post=1789"}],"curies":[{"name":"wp","href":"https:\/\/api.w.org\/{rel}","templated":true}]}}