{"id":1807,"date":"2015-10-02T18:02:00","date_gmt":"2015-10-02T16:02:00","guid":{"rendered":"http:\/\/wordpress2225437.home.pl\/palaszewski\/?p=1807"},"modified":"2022-09-22T18:07:07","modified_gmt":"2022-09-22T16:07:07","slug":"mama-na-pelen-etat","status":"publish","type":"post","link":"https:\/\/gorydlamilosza.pl\/index.php\/2015\/10\/02\/mama-na-pelen-etat\/","title":{"rendered":"mama na pe\u0142en etat"},"content":{"rendered":"\n<p>Plan by\u0142 taki aby przez jeden tydzie\u0144 by\u0107 mam\u0105 na pe\u0142en etat. \u017beby to by\u0142o mo\u017cliwe mam w pracy urlop. Pocz\u0105wszy od niedzieli, kt\u00f3ra nie mia\u0142a ko\u0144ca, da\u0142am rad\u0119. Przy dziecku&nbsp;czas wydaje si\u0119 p\u0142yn\u0105\u0107 szybciej. Dzi\u015b ju\u017c pi\u0105tek. To niezwyk\u0142e uczestniczy\u0107 w \u017cyciu dziecka w ka\u017cdej sekundzie. Czasami po prostu nie nad\u0105\u017ca\u0142am. Inaczej przecie\u017c wygl\u0105daj\u0105 dni wolne od pracy, kt\u00f3re sp\u0119dzam z synem. Ratunkiem by\u0142a drzemka po obiedzie&nbsp;(to ju\u017c tradycja), spa\u0142am wtedy kiedy Mi\u0142osz. Ka\u017cdy dzie\u0144 by\u0142 wype\u0142niony zar\u00f3wno obowi\u0105zkami jak i przyjemno\u015bciami. Mi\u0142osz uwielbia kiedy kto\u015b skupia na nim uwag\u0119 i si\u0119 nim zajmuje. Sp\u0119dzaj\u0105c czas z dzieckiem, zosta\u0142am zaproszona&nbsp;na chwil\u0119 ze swojego \u015bwiata do \u015bwiata dziecka, co bardzo zbli\u017ca. Chcia\u0142am przez ten wolny tydzie\u0144 od pracy zobaczy\u0107 jak sobie radzi na zaj\u0119ciach w RFPN w Chorzowie, to jedyna taka okazja, bo zaj\u0119cia odbywaj\u0105 si\u0119 do po\u0142udnia. Nie by\u0142am. Muzykoterapia, hipoterapia i zaj\u0119cia z tyflopedagogiem zosta\u0142y odwo\u0142ane. Z dnia na dzie\u0144. Nie zobaczy\u0142am jak sobie radzi na zaj\u0119ciach, wi\u0119c nadal pozostan\u0119 wiern\u0105 s\u0142uchaczk\u0105 m\u0119\u017ca w tych tematach. Nie odpu\u015bci\u0142am zaj\u0119\u0107 z terapii ruchu. Tu uda\u0142o mi si\u0119 by\u0107 dwa razy w o\u015brodku i dwa razy w prywatnym gabinecie. By\u0142am te\u017c na planowanej i jak zawsze wa\u017cnej dla mnie wizycie u neurologa. By\u0142 te\u017c czas, kt\u00f3ry przeznaczy\u0142am na do\u015b\u0107 d\u0142ugie spacery z synem&nbsp;(nawet 1,5 godziny, kt\u00f3re Mi\u0142osz dzielnie przeszed\u0142 sam!), s\u0142oneczna pogoda zach\u0119ca\u0142a do wyj\u015bcia z domu. Wszystko to co robi\u0142am, robi\u0142am z Mi\u0142oszem. To niezwykle emocjonuj\u0105ce poznanie swojego dziecka w cieniu zwyk\u0142ej codziennej krz\u0105taniny w domu. Weekend zdecydowanie tego nie oddaje. Jestem o tym przekonana. Najpi\u0119kniejsze s\u0105 poranki, kiedy Mi\u0142osz wtula si\u0119 w moje ramiona, daje buziaka na dzie\u0144 dobry i m\u00f3wi \u201ete\u015bt\u201d. By\u0142y momenty wzruszenia i rado\u015bci. Czasami by\u0142y \u0142zy, kt\u00f3re szybko zmienia\u0142y si\u0119 w \u015bmiech. By\u0142 czas na skupienie, nauk\u0119 i ma\u0142e przyjemno\u015bci oraz na wizyt\u0119 u Babci i Dziadka. Czas sp\u0119dzony z synem da\u0142 mi ogrom szcz\u0119\u015bcia. A tak\u017ce \u015bwie\u017ce spojrzenie na nowe wyzwania, kt\u00f3re czekaj\u0105 tu\u017c za rogiem.<\/p>\n\n\n\n<p>P.S. Tata ma si\u0119 dobrze. Odpocz\u0105\u0142 od dziecka i tylko od dziecka, wiadomo, \u017ce obiad sam si\u0119 nie ugotuje, pranie nie w\u0142\u0105czy, a i zakupy nie zrobi\u0105 si\u0119&nbsp;w magiczny spos\u00f3b, wi\u0119c ostatecznie jako przyk\u0142adna \u017cona zadba\u0142am o to, aby si\u0119 nie nudzi\u0142.<\/p>\n","protected":false},"excerpt":{"rendered":"<p>Plan by\u0142 taki aby przez jeden tydzie\u0144 by\u0107 mam\u0105 na pe\u0142en etat. \u017beby to by\u0142o mo\u017cliwe mam w pracy urlop. Pocz\u0105wszy od niedzieli, kt\u00f3ra nie mia\u0142a ko\u0144ca, da\u0142am rad\u0119. Przy dziecku\u00a0czas wydaje si\u0119 p\u0142yn\u0105\u0107 szybciej. Dzi\u015b ju\u017c pi\u0105tek. <\/p>\n","protected":false},"author":1,"featured_media":1808,"comment_status":"open","ping_status":"open","sticky":false,"template":"","format":"standard","meta":{"footnotes":""},"categories":[4],"tags":[],"class_list":["post-1807","post","type-post","status-publish","format-standard","has-post-thumbnail","hentry","category-blog"],"_links":{"self":[{"href":"https:\/\/gorydlamilosza.pl\/index.php\/wp-json\/wp\/v2\/posts\/1807","targetHints":{"allow":["GET"]}}],"collection":[{"href":"https:\/\/gorydlamilosza.pl\/index.php\/wp-json\/wp\/v2\/posts"}],"about":[{"href":"https:\/\/gorydlamilosza.pl\/index.php\/wp-json\/wp\/v2\/types\/post"}],"author":[{"embeddable":true,"href":"https:\/\/gorydlamilosza.pl\/index.php\/wp-json\/wp\/v2\/users\/1"}],"replies":[{"embeddable":true,"href":"https:\/\/gorydlamilosza.pl\/index.php\/wp-json\/wp\/v2\/comments?post=1807"}],"version-history":[{"count":1,"href":"https:\/\/gorydlamilosza.pl\/index.php\/wp-json\/wp\/v2\/posts\/1807\/revisions"}],"predecessor-version":[{"id":1809,"href":"https:\/\/gorydlamilosza.pl\/index.php\/wp-json\/wp\/v2\/posts\/1807\/revisions\/1809"}],"wp:featuredmedia":[{"embeddable":true,"href":"https:\/\/gorydlamilosza.pl\/index.php\/wp-json\/wp\/v2\/media\/1808"}],"wp:attachment":[{"href":"https:\/\/gorydlamilosza.pl\/index.php\/wp-json\/wp\/v2\/media?parent=1807"}],"wp:term":[{"taxonomy":"category","embeddable":true,"href":"https:\/\/gorydlamilosza.pl\/index.php\/wp-json\/wp\/v2\/categories?post=1807"},{"taxonomy":"post_tag","embeddable":true,"href":"https:\/\/gorydlamilosza.pl\/index.php\/wp-json\/wp\/v2\/tags?post=1807"}],"curies":[{"name":"wp","href":"https:\/\/api.w.org\/{rel}","templated":true}]}}