{"id":1854,"date":"2015-08-30T18:39:00","date_gmt":"2015-08-30T16:39:00","guid":{"rendered":"http:\/\/wordpress2225437.home.pl\/palaszewski\/?p=1854"},"modified":"2022-09-22T18:41:44","modified_gmt":"2022-09-22T16:41:44","slug":"beskid-zywiecki-medralowa","status":"publish","type":"post","link":"https:\/\/gorydlamilosza.pl\/index.php\/2015\/08\/30\/beskid-zywiecki-medralowa\/","title":{"rendered":"Beskid \u017bywiecki &#8211; M\u0119dralowa"},"content":{"rendered":"\n<p>Tempo \u017cycia, godzenie obowi\u0105zk\u00f3w zwi\u0105zanych z prac\u0105, terapi\u0105, rehabilitacj\u0105 dziecka, wizytami u lekarzy, prowadzaniem domu&nbsp;to dla mnie du\u017ce wyzwanie. Ostatnio stale mi brakuje czasu, gdzie\u015b si\u0119 spiesz\u0119, a niekt\u00f3re mniej wa\u017cne sprawy odk\u0142adam na p\u00f3\u017aniej. Mam wiele r\u00f3l, obowi\u0105zk\u00f3w, i&nbsp;innych zobowi\u0105za\u0144. Co wybra\u0107, jak m\u0105drze podejmowa\u0107 decyzje, co jest wa\u017cne, a co mo\u017ce poczeka\u0107?<\/p>\n\n\n\n<p>Okazuje si\u0119, \u017ce czasami wystarczy jednak, zaledwie jedna ma\u0142a chwila oderwania si\u0119 od otaczaj\u0105cej rzeczywisto\u015bci, zmiana otoczenia, zwi\u0119kszone zainteresowanie z mojej strony&nbsp;aktualn\u0105 aktywno\u015bci\u0105 Mi\u0142osza, by da\u0107 synowi&nbsp;&nbsp;odczu\u0107, \u017ce jego&nbsp;samodzielno\u015b\u0107 zostaje zauwa\u017cona i doceniona.<\/p>\n\n\n\n<p>Dla Mi\u0142osza wa\u017cna jest&nbsp;ilo\u015b\u0107 czasu z nim sp\u0119dzona oraz jego jako\u015b\u0107. Syn&nbsp;jak doro\u015bnie nie b\u0119dzie pami\u0119ta\u0142 naszej wyprawy w g\u00f3ry, wiem jednak jedno, \u017ce czas sp\u0119dzony razem sprawi, \u017ce Mi\u0142osz&nbsp;b\u0119dzie si\u0119 lepiej rozwija\u0142, a Ja mam&nbsp;satysfakcje z umacniania wi\u0119zi z moim dzieckiem. Dzie\u0144&nbsp;sp\u0119dzony w otoczeniu pi\u0119knej przyrody, umacnia mnie w przekonaniu, \u017ce&nbsp;w \u017cyciu&nbsp;rodzinnym&nbsp;warto czas sp\u0119dza\u0107 razem.<\/p>\n","protected":false},"excerpt":{"rendered":"<p>Tempo \u017cycia, godzenie obowi\u0105zk\u00f3w zwi\u0105zanych z prac\u0105, terapi\u0105, rehabilitacj\u0105 dziecka, wizytami u lekarzy, prowadzaniem domu\u00a0to dla mnie du\u017ce wyzwanie. Ostatnio stale mi brakuje czasu, gdzie\u015b si\u0119 spiesz\u0119, a niekt\u00f3re mniej wa\u017cne sprawy odk\u0142adam na p\u00f3\u017aniej. <\/p>\n","protected":false},"author":1,"featured_media":1855,"comment_status":"open","ping_status":"open","sticky":false,"template":"","format":"standard","meta":{"footnotes":""},"categories":[4],"tags":[],"class_list":["post-1854","post","type-post","status-publish","format-standard","has-post-thumbnail","hentry","category-blog"],"_links":{"self":[{"href":"https:\/\/gorydlamilosza.pl\/index.php\/wp-json\/wp\/v2\/posts\/1854","targetHints":{"allow":["GET"]}}],"collection":[{"href":"https:\/\/gorydlamilosza.pl\/index.php\/wp-json\/wp\/v2\/posts"}],"about":[{"href":"https:\/\/gorydlamilosza.pl\/index.php\/wp-json\/wp\/v2\/types\/post"}],"author":[{"embeddable":true,"href":"https:\/\/gorydlamilosza.pl\/index.php\/wp-json\/wp\/v2\/users\/1"}],"replies":[{"embeddable":true,"href":"https:\/\/gorydlamilosza.pl\/index.php\/wp-json\/wp\/v2\/comments?post=1854"}],"version-history":[{"count":1,"href":"https:\/\/gorydlamilosza.pl\/index.php\/wp-json\/wp\/v2\/posts\/1854\/revisions"}],"predecessor-version":[{"id":1856,"href":"https:\/\/gorydlamilosza.pl\/index.php\/wp-json\/wp\/v2\/posts\/1854\/revisions\/1856"}],"wp:featuredmedia":[{"embeddable":true,"href":"https:\/\/gorydlamilosza.pl\/index.php\/wp-json\/wp\/v2\/media\/1855"}],"wp:attachment":[{"href":"https:\/\/gorydlamilosza.pl\/index.php\/wp-json\/wp\/v2\/media?parent=1854"}],"wp:term":[{"taxonomy":"category","embeddable":true,"href":"https:\/\/gorydlamilosza.pl\/index.php\/wp-json\/wp\/v2\/categories?post=1854"},{"taxonomy":"post_tag","embeddable":true,"href":"https:\/\/gorydlamilosza.pl\/index.php\/wp-json\/wp\/v2\/tags?post=1854"}],"curies":[{"name":"wp","href":"https:\/\/api.w.org\/{rel}","templated":true}]}}