{"id":1870,"date":"2015-07-27T10:16:00","date_gmt":"2015-07-27T08:16:00","guid":{"rendered":"http:\/\/wordpress2225437.home.pl\/palaszewski\/?p=1870"},"modified":"2022-09-23T10:18:48","modified_gmt":"2022-09-23T08:18:48","slug":"beskid-zywiecki-wielka-racza","status":"publish","type":"post","link":"https:\/\/gorydlamilosza.pl\/index.php\/2015\/07\/27\/beskid-zywiecki-wielka-racza\/","title":{"rendered":"Beskid \u017bywiecki &#8211; Wielka Racza"},"content":{"rendered":"\n<p>Niezapomniane widoki, przestrze\u0144, szum strumyka, wiatr we w\u0142osach, pot\u0119ga natury, intensywno\u015b\u0107 barw, wszechogarniaj\u0105ca cisza i spok\u00f3j, \u015bpiew ptak\u00f3w, m\u00f3j syn i m\u00f3j m\u0105\u017c \u2013 w g\u00f3rach jest wszystko co kocham.<\/p>\n\n\n\n<p>Jestem w tym samym miejscu ju\u017c drugi raz, a Wielka Racza wci\u0105\u017c zniewala. Z jej szczytu, w kt\u00f3r\u0105 stron\u0119 by nie spojrze\u0107, rozci\u0105ga si\u0119 pi\u0119kna i rozleg\u0142a, g\u00f3rska panorama z charakterystyczn\u0105 grup\u0105 Ma\u0142ej Fatry. Jedna z najwspanialszych, jakie widzia\u0142am w ostatnim czasie. Ju\u017c wiem, \u017ce wr\u00f3c\u0119 w to miejsce. Wspania\u0142a nagroda za pracowity tydzie\u0144. Nie ma s\u0142\u00f3w, aby wrazi\u0107 to, co&nbsp;czuj\u0119 kiedy wok\u00f3\u0142 zniewala mnie niezwyk\u0142a cisza, przestrze\u0144 i intensywne kolory zieleni i b\u0142\u0119kitu.&nbsp;Przebyty szlak i zdobycie szczytu nie pozwol\u0105 mi tak&nbsp;\u0142atwo przej\u015b\u0107 do codzienno\u015bci. W mojej g\u0142owie kie\u0142kuje my\u015bl:&nbsp;kiedy i na jaki wr\u00f3ci\u0107 zn\u00f3w na szlak? Czy to nast\u0105pi za tydzie\u0144? Przekonam si\u0119 wkr\u00f3tce. Na nasze szcz\u0119\u015bcie Mi\u0142osz uwielbia g\u00f3rskie w\u0119dr\u00f3wki. Gdy tylko widzi nosid\u0142o na jego twarzy pojawia si\u0119 u\u015bmiech od ucha do ucha. Tym razem r\u00f3wnie\u017c tak by\u0142o. Ca\u0142a w\u0119dr\u00f3wka zaj\u0119\u0142a nam r\u00f3wne 5 godzin. A przebyli\u015bmy niemal 14 kilometr\u00f3w.<\/p>\n","protected":false},"excerpt":{"rendered":"<p>Niezapomniane widoki, przestrze\u0144, szum strumyka, wiatr we w\u0142osach, pot\u0119ga natury, intensywno\u015b\u0107 barw, wszechogarniaj\u0105ca cisza i spok\u00f3j, \u015bpiew ptak\u00f3w, m\u00f3j syn i m\u00f3j m\u0105\u017c \u2013 w g\u00f3rach jest wszystko co kocham.<\/p>\n","protected":false},"author":1,"featured_media":1871,"comment_status":"open","ping_status":"open","sticky":false,"template":"","format":"standard","meta":{"footnotes":""},"categories":[4],"tags":[],"class_list":["post-1870","post","type-post","status-publish","format-standard","has-post-thumbnail","hentry","category-blog"],"_links":{"self":[{"href":"https:\/\/gorydlamilosza.pl\/index.php\/wp-json\/wp\/v2\/posts\/1870","targetHints":{"allow":["GET"]}}],"collection":[{"href":"https:\/\/gorydlamilosza.pl\/index.php\/wp-json\/wp\/v2\/posts"}],"about":[{"href":"https:\/\/gorydlamilosza.pl\/index.php\/wp-json\/wp\/v2\/types\/post"}],"author":[{"embeddable":true,"href":"https:\/\/gorydlamilosza.pl\/index.php\/wp-json\/wp\/v2\/users\/1"}],"replies":[{"embeddable":true,"href":"https:\/\/gorydlamilosza.pl\/index.php\/wp-json\/wp\/v2\/comments?post=1870"}],"version-history":[{"count":1,"href":"https:\/\/gorydlamilosza.pl\/index.php\/wp-json\/wp\/v2\/posts\/1870\/revisions"}],"predecessor-version":[{"id":1872,"href":"https:\/\/gorydlamilosza.pl\/index.php\/wp-json\/wp\/v2\/posts\/1870\/revisions\/1872"}],"wp:featuredmedia":[{"embeddable":true,"href":"https:\/\/gorydlamilosza.pl\/index.php\/wp-json\/wp\/v2\/media\/1871"}],"wp:attachment":[{"href":"https:\/\/gorydlamilosza.pl\/index.php\/wp-json\/wp\/v2\/media?parent=1870"}],"wp:term":[{"taxonomy":"category","embeddable":true,"href":"https:\/\/gorydlamilosza.pl\/index.php\/wp-json\/wp\/v2\/categories?post=1870"},{"taxonomy":"post_tag","embeddable":true,"href":"https:\/\/gorydlamilosza.pl\/index.php\/wp-json\/wp\/v2\/tags?post=1870"}],"curies":[{"name":"wp","href":"https:\/\/api.w.org\/{rel}","templated":true}]}}