{"id":1909,"date":"2015-06-13T10:48:00","date_gmt":"2015-06-13T08:48:00","guid":{"rendered":"http:\/\/wordpress2225437.home.pl\/palaszewski\/?p=1909"},"modified":"2022-09-23T10:50:22","modified_gmt":"2022-09-23T08:50:22","slug":"wiselka","status":"publish","type":"post","link":"https:\/\/gorydlamilosza.pl\/index.php\/2015\/06\/13\/wiselka\/","title":{"rendered":"Wise\u0142ka"},"content":{"rendered":"\n<p>W czasie naszego pobytu byli\u015bmy na wielu pla\u017cach. Od Mi\u0119dzyzdroj\u00f3w a\u017c po G\u0105ski za Ko\u0142obrzegiem. To odleg\u0142o\u015b\u0107 oko\u0142o 120 km. Bez cienia w\u0105tpliwo\u015bci ta najbardziej urokliwa znajduje si\u0119 w Wise\u0142ce na wyspie Wolin. A dlaczego? Wise\u0142ka to niewielka wie\u015b licz\u0105ca 480 sta\u0142ych mieszka\u0144c\u00f3w, a w jej pobli\u017cu nie ma \u017cadnych innych miejscowo\u015bci. To oznacza, \u017ce na pla\u017cy nie ma niemal nikogo. Dodatkowym atutem jest po\u0142o\u017cenie pla\u017cy na terenie parku narodowego. Dlatego te\u017c w ostatnim dniu ponownie pojechali\u015bmy w to miejsce. Pla\u017ca by\u0142a pusta! Patrz\u0105c z perspektywy pla\u017cy w Wise\u0142ce mo\u017cna odnie\u015b\u0107 wra\u017cenie, \u017ce wyspa Wolin jest bezludn\u0105 wysp\u0105.<\/p>\n","protected":false},"excerpt":{"rendered":"<p>W czasie naszego pobytu byli\u015bmy na wielu pla\u017cach. Od Mi\u0119dzyzdroj\u00f3w a\u017c po G\u0105ski za Ko\u0142obrzegiem. To odleg\u0142o\u015b\u0107 oko\u0142o 120 km. Bez cienia w\u0105tpliwo\u015bci ta najbardziej urokliwa znajduje si\u0119 w Wise\u0142ce na wyspie Wolin. A dlaczego? <\/p>\n","protected":false},"author":1,"featured_media":1910,"comment_status":"open","ping_status":"open","sticky":false,"template":"","format":"standard","meta":{"footnotes":""},"categories":[4],"tags":[],"class_list":["post-1909","post","type-post","status-publish","format-standard","has-post-thumbnail","hentry","category-blog"],"_links":{"self":[{"href":"https:\/\/gorydlamilosza.pl\/index.php\/wp-json\/wp\/v2\/posts\/1909","targetHints":{"allow":["GET"]}}],"collection":[{"href":"https:\/\/gorydlamilosza.pl\/index.php\/wp-json\/wp\/v2\/posts"}],"about":[{"href":"https:\/\/gorydlamilosza.pl\/index.php\/wp-json\/wp\/v2\/types\/post"}],"author":[{"embeddable":true,"href":"https:\/\/gorydlamilosza.pl\/index.php\/wp-json\/wp\/v2\/users\/1"}],"replies":[{"embeddable":true,"href":"https:\/\/gorydlamilosza.pl\/index.php\/wp-json\/wp\/v2\/comments?post=1909"}],"version-history":[{"count":1,"href":"https:\/\/gorydlamilosza.pl\/index.php\/wp-json\/wp\/v2\/posts\/1909\/revisions"}],"predecessor-version":[{"id":1911,"href":"https:\/\/gorydlamilosza.pl\/index.php\/wp-json\/wp\/v2\/posts\/1909\/revisions\/1911"}],"wp:featuredmedia":[{"embeddable":true,"href":"https:\/\/gorydlamilosza.pl\/index.php\/wp-json\/wp\/v2\/media\/1910"}],"wp:attachment":[{"href":"https:\/\/gorydlamilosza.pl\/index.php\/wp-json\/wp\/v2\/media?parent=1909"}],"wp:term":[{"taxonomy":"category","embeddable":true,"href":"https:\/\/gorydlamilosza.pl\/index.php\/wp-json\/wp\/v2\/categories?post=1909"},{"taxonomy":"post_tag","embeddable":true,"href":"https:\/\/gorydlamilosza.pl\/index.php\/wp-json\/wp\/v2\/tags?post=1909"}],"curies":[{"name":"wp","href":"https:\/\/api.w.org\/{rel}","templated":true}]}}