{"id":1948,"date":"2015-05-18T10:35:00","date_gmt":"2015-05-18T08:35:00","guid":{"rendered":"http:\/\/wordpress2225437.home.pl\/palaszewski\/?p=1948"},"modified":"2022-09-24T10:38:18","modified_gmt":"2022-09-24T08:38:18","slug":"terapia-domowa-rozroznianie-kolorow","status":"publish","type":"post","link":"https:\/\/gorydlamilosza.pl\/index.php\/2015\/05\/18\/terapia-domowa-rozroznianie-kolorow\/","title":{"rendered":"terapia domowa &#8211; rozr\u00f3\u017cnianie kolor\u00f3w"},"content":{"rendered":"\n<p>Sposob\u00f3w na nauk\u0119 kolor\u00f3w zapewne jest wiele. A jak to by\u0142o u Mi\u0142osza? \u0106wiczy\u0142 chodzenie przynosz\u0105c kolorowe woreczki terapeutyczne, pewnego razu poprosi\u0142am o konkretny kolor i przyni\u00f3s\u0142. Potem sprawdzi\u0142am dok\u0142adnie czy nie by\u0142 to przypadek. Tak zacz\u0119\u0142a si\u0119 nasza przygoda z kolorami i syn rozpoznaje w\u015br\u00f3d szerokiej palety barw 6 podstawowych: czerwony, bia\u0142y, czarny, niebieski, zielony, \u017c\u00f3\u0142ty.\u00a0Obserwuj\u0105c zdolno\u015b\u0107 zapami\u0119tywania u Mi\u0142osza\u00a0zauwa\u017cy\u0142am, \u017ce du\u017co \u0142atwiej mu co\u015b potem skojarzy\u0107, kiedy jest to odpowiednio opisane\u00a0np. kolor zielony jak trawa.\u00a0Zwykle bawimy si\u0119 w ten spos\u00f3b kilkana\u015bcie minut. Mi\u0142osz jak ka\u017cdy pocz\u0105tkuj\u0105cy artysta powinien dobrze zna\u0107 si\u0119 na kolorach.<\/p>\n\n\n\n<figure class=\"wp-block-embed is-type-video is-provider-youtube wp-block-embed-youtube wp-embed-aspect-16-9 wp-has-aspect-ratio\"><div class=\"wp-block-embed__wrapper\">\n<iframe loading=\"lazy\" title=\"rozr\u00f3\u017cniam kolory\" width=\"960\" height=\"540\" src=\"https:\/\/www.youtube.com\/embed\/eouQZD64LIg?feature=oembed\" frameborder=\"0\" allow=\"accelerometer; autoplay; clipboard-write; encrypted-media; gyroscope; picture-in-picture\" allowfullscreen><\/iframe>\n<\/div><\/figure>\n","protected":false},"excerpt":{"rendered":"<p>Sposob\u00f3w na nauk\u0119 kolor\u00f3w zapewne jest wiele. A jak to by\u0142o u Mi\u0142osza? \u0106wiczy\u0142 chodzenie przynosz\u0105c kolorowe woreczki terapeutyczne, pewnego razu poprosi\u0142am o konkretny kolor i przyni\u00f3s\u0142. Potem sprawdzi\u0142am dok\u0142adnie czy nie by\u0142 to przypadek. <\/p>\n","protected":false},"author":1,"featured_media":1949,"comment_status":"open","ping_status":"open","sticky":false,"template":"","format":"standard","meta":{"footnotes":""},"categories":[4],"tags":[],"class_list":["post-1948","post","type-post","status-publish","format-standard","has-post-thumbnail","hentry","category-blog"],"_links":{"self":[{"href":"https:\/\/gorydlamilosza.pl\/index.php\/wp-json\/wp\/v2\/posts\/1948","targetHints":{"allow":["GET"]}}],"collection":[{"href":"https:\/\/gorydlamilosza.pl\/index.php\/wp-json\/wp\/v2\/posts"}],"about":[{"href":"https:\/\/gorydlamilosza.pl\/index.php\/wp-json\/wp\/v2\/types\/post"}],"author":[{"embeddable":true,"href":"https:\/\/gorydlamilosza.pl\/index.php\/wp-json\/wp\/v2\/users\/1"}],"replies":[{"embeddable":true,"href":"https:\/\/gorydlamilosza.pl\/index.php\/wp-json\/wp\/v2\/comments?post=1948"}],"version-history":[{"count":1,"href":"https:\/\/gorydlamilosza.pl\/index.php\/wp-json\/wp\/v2\/posts\/1948\/revisions"}],"predecessor-version":[{"id":1950,"href":"https:\/\/gorydlamilosza.pl\/index.php\/wp-json\/wp\/v2\/posts\/1948\/revisions\/1950"}],"wp:featuredmedia":[{"embeddable":true,"href":"https:\/\/gorydlamilosza.pl\/index.php\/wp-json\/wp\/v2\/media\/1949"}],"wp:attachment":[{"href":"https:\/\/gorydlamilosza.pl\/index.php\/wp-json\/wp\/v2\/media?parent=1948"}],"wp:term":[{"taxonomy":"category","embeddable":true,"href":"https:\/\/gorydlamilosza.pl\/index.php\/wp-json\/wp\/v2\/categories?post=1948"},{"taxonomy":"post_tag","embeddable":true,"href":"https:\/\/gorydlamilosza.pl\/index.php\/wp-json\/wp\/v2\/tags?post=1948"}],"curies":[{"name":"wp","href":"https:\/\/api.w.org\/{rel}","templated":true}]}}