{"id":2024,"date":"2015-01-16T15:14:00","date_gmt":"2015-01-16T14:14:00","guid":{"rendered":"http:\/\/wordpress2225437.home.pl\/palaszewski\/?p=2024"},"modified":"2022-09-24T15:15:38","modified_gmt":"2022-09-24T13:15:38","slug":"uslyszalam-ze-zle-wygladam","status":"publish","type":"post","link":"https:\/\/gorydlamilosza.pl\/index.php\/2015\/01\/16\/uslyszalam-ze-zle-wygladam\/","title":{"rendered":"us\u0142ysza\u0142am, \u017ce \u017ale wygl\u0105dam"},"content":{"rendered":"\n<p>Podchodz\u0119 do lustra i patrz\u0119 na swoje odbicie. Szara twarz, podkr\u0105\u017cone oczy, jak nic zm\u0119czenie wymalowane jest\u00a0na mojej twarzy. Mog\u0142abym napisa\u0107, \u017ce bez przegl\u0105dania si\u0119 w lustrze wiem jak wygl\u0105dam. Odk\u0105d Mi\u0142osz si\u0119 urodzi\u0142, \u017cyj\u0119 na wysokich obrotach,\u00a0momentami w du\u017cym stresie. To jak wygl\u0105dam mo\u017cna potraktowa\u0107 jako manifest kobiety walcz\u0105cej o swoje w\u0142asne dziecko. W pewnym momencie\u00a0zabrak\u0142o czasu na zadbanie o siebie. Nie ubolewam nad tym, w cz\u0142owieku liczy si\u0119 wn\u0119trze, a nie opakowanie. Ciekawe jest to jak mnie\u00a0odbieraj\u0105 inni. Zastanawiam si\u0119 czy mog\u0119 co\u015b z tym zrobi\u0107? Makija\u017c poprawi wygl\u0105d mojej twarzy, ale to jak maska, kt\u00f3ra skrywa strach o\u00a0dziecko. Stres odbija si\u0119 na moim zdrowiu. Nie dotyczy to tylko mojej osoby, wida\u0107 to r\u00f3wnie\u017c po moim m\u0119\u017cu. Chudnie w oczach, jest zm\u0119czony. Prawie\u00a0dwa lata ju\u017c za nami niezwykle emocjonuj\u0105cej walki o najwy\u017csz\u0105 dla nas warto\u015b\u0107: samodzielno\u015b\u0107 Mi\u0142osza. Nie wyobra\u017cam sobie \u017ceby nie by\u0142o z nami\u00a0syna, nie wiem jak to jest nie mie\u0107 problem\u00f3w, rehabilitacji, \u0107wicze\u0144, przyjmuje to co mam jako normalno\u015b\u0107. Razem dajemy rad\u0119. Mi\u0142osz ma\u00a0ogromny potencja\u0142, szybko uczy si\u0119 nowych rzeczy, jest wdzi\u0119cznym dzieckiem. Mimo mojego zm\u0119czenia, dostrzegam uroki mojego macierzy\u0144stwa. A to co mam wypisane na twarzy, b\u0119dzie jeszcze widoczne przez d\u0142ugi czas. To nieuniknione w naszej sytuacji. Aby poprawi\u0107 odrobin\u0119 sw\u00f3j wygl\u0105d wybra\u0142am si\u0119 do fryzjera. Zaproszenie do salonu, ostre ci\u0119cie i zmiana koloru za namow\u0105 fryzjerki poprawi\u0142o moje samopoczucie.\u00a0Czuje si\u0119 dobrze i wyj\u0105tkowo w nowej, pi\u0119kniejszej ods\u0142onie. Na jak d\u0142ugo?<\/p>\n","protected":false},"excerpt":{"rendered":"<p>Podchodz\u0119 do lustra i patrz\u0119 na swoje odbicie. Szara twarz, podkr\u0105\u017cone oczy, jak nic zm\u0119czenie wymalowane jest\u00a0na mojej twarzy. Mog\u0142abym napisa\u0107, \u017ce bez przegl\u0105dania si\u0119 w lustrze wiem jak wygl\u0105dam. Odk\u0105d Mi\u0142osz si\u0119 urodzi\u0142, \u017cyj\u0119 na wysokich obrotach,\u00a0momentami w du\u017cym stresie.<\/p>\n","protected":false},"author":1,"featured_media":2025,"comment_status":"open","ping_status":"open","sticky":false,"template":"","format":"standard","meta":{"footnotes":""},"categories":[4],"tags":[],"class_list":["post-2024","post","type-post","status-publish","format-standard","has-post-thumbnail","hentry","category-blog"],"_links":{"self":[{"href":"https:\/\/gorydlamilosza.pl\/index.php\/wp-json\/wp\/v2\/posts\/2024","targetHints":{"allow":["GET"]}}],"collection":[{"href":"https:\/\/gorydlamilosza.pl\/index.php\/wp-json\/wp\/v2\/posts"}],"about":[{"href":"https:\/\/gorydlamilosza.pl\/index.php\/wp-json\/wp\/v2\/types\/post"}],"author":[{"embeddable":true,"href":"https:\/\/gorydlamilosza.pl\/index.php\/wp-json\/wp\/v2\/users\/1"}],"replies":[{"embeddable":true,"href":"https:\/\/gorydlamilosza.pl\/index.php\/wp-json\/wp\/v2\/comments?post=2024"}],"version-history":[{"count":1,"href":"https:\/\/gorydlamilosza.pl\/index.php\/wp-json\/wp\/v2\/posts\/2024\/revisions"}],"predecessor-version":[{"id":2026,"href":"https:\/\/gorydlamilosza.pl\/index.php\/wp-json\/wp\/v2\/posts\/2024\/revisions\/2026"}],"wp:featuredmedia":[{"embeddable":true,"href":"https:\/\/gorydlamilosza.pl\/index.php\/wp-json\/wp\/v2\/media\/2025"}],"wp:attachment":[{"href":"https:\/\/gorydlamilosza.pl\/index.php\/wp-json\/wp\/v2\/media?parent=2024"}],"wp:term":[{"taxonomy":"category","embeddable":true,"href":"https:\/\/gorydlamilosza.pl\/index.php\/wp-json\/wp\/v2\/categories?post=2024"},{"taxonomy":"post_tag","embeddable":true,"href":"https:\/\/gorydlamilosza.pl\/index.php\/wp-json\/wp\/v2\/tags?post=2024"}],"curies":[{"name":"wp","href":"https:\/\/api.w.org\/{rel}","templated":true}]}}