{"id":2056,"date":"2014-12-03T15:51:00","date_gmt":"2014-12-03T14:51:00","guid":{"rendered":"http:\/\/wordpress2225437.home.pl\/palaszewski\/?p=2056"},"modified":"2022-09-24T15:53:28","modified_gmt":"2022-09-24T13:53:28","slug":"nie-jestem-mama-gorszego-dziecka","status":"publish","type":"post","link":"https:\/\/gorydlamilosza.pl\/index.php\/2014\/12\/03\/nie-jestem-mama-gorszego-dziecka\/","title":{"rendered":"nie jestem mam\u0105 gorszego dziecka"},"content":{"rendered":"\n<p>Nie mam w\u0105tpliwo\u015bci, \u017ce dzi\u0119ki posiadaniu niepe\u0142nosprawnego syna, w naturalnym procesie oswajania si\u0119 z jego problemami zdrowotnymi zaakceptowa\u0142am na sw\u00f3j spos\u00f3b jego s\u0142abo\u015bci. Nie boj\u0119 si\u0119 powiedzie\u0107 na g\u0142os, \u017ce Mi\u0142osz jest dzieckiem niepe\u0142nosprawnym. Nie wstydz\u0119 si\u0119 tego. Obserwuj\u0105c na co dzie\u0144 jego zmagania i trudy w rehabilitacji, wykonuj\u0105c tym samym ci\u0119\u017ck\u0105 prac\u0119, mo\u017ce zrobi\u0107 co\u015b, co innym dzieciom przychodzi z \u0142atwo\u015bci\u0105. Nie jest mu ani \u0142atwiej, ani lepiej w \u017cyciu dzi\u0119ki temu, \u017ce posiada orzeczenie o niepe\u0142nosprawno\u015bci. Za chwil\u0119 wszystkie dzieci otrzymaj\u0105 d\u0142ugo wyczekiwane prezenty od \u015bw. Miko\u0142aja. Ka\u017cdy z nas wie, \u017ce to nast\u0105pi 6 grudnia. A kto z Was s\u0142ysza\u0142, \u017ce dzisiaj 3 grudnia jest obchodzony&nbsp;Mi\u0119dzynarodowy Dzie\u0144 Os\u00f3b Niepe\u0142nosprawnych? Obchody tego dnia powinny by\u0107&nbsp;okazj\u0105 do zwi\u0119kszenia \u015bwiadomo\u015bci publicznej o korzy\u015bciach p\u0142yn\u0105cych z integracji os\u00f3b niepe\u0142nosprawnych w ka\u017cdym aspekcie \u017cycia, przede wszystkim spo\u0142ecznego i kulturalnego. Jestem osob\u0105&nbsp;bardziej wra\u017cliw\u0105, wyrozumia\u0142\u0105 i tolerancyjn\u0105 dla os\u00f3b niepe\u0142nosprawnych. Zapewne obecnie jeszcze bardziej ani\u017celi przed urodzeniem Mi\u0142osza.<\/p>\n\n\n\n<p>Nie wiem ile co roku w&nbsp;Polsce rodzi si\u0119 dzieci niepe\u0142nosprawnych. Wcze\u015bniaki, takie jak Mi\u0142osz, b\u0119d\u0105 mia\u0142y wi\u0119ksz\u0105 mo\u017cliwo\u015b\u0107 prze\u017cycia dzi\u0119ki coraz lepszej aparaturze i coraz wi\u0119kszej wiedzy lekarzy, ale czy to ich uchroni przed nast\u0119pstwami przedwczesnego porodu i jego konsekwencjami? Jak na ironi\u0119 to w\u0142a\u015bnie dzi\u0119ki post\u0119powi w medycynie niepe\u0142nosprawnych w\u015br\u00f3d nas b\u0119dzie coraz wi\u0119cej.<\/p>\n\n\n\n<p>Nie jestem mam\u0105 gorszego dziecka. Patrz\u0105c na Mi\u0142osza, prawie dwulatka bawi\u0105cego si\u0119 w swoim pokoju jestem szcz\u0119\u015bliwa, \u017ce jest z nami. Ucz\u0119 si\u0119 od niego \u017cycia na nowo, postrzegam \u015bwiat lepiej i ciesz\u0119 si\u0119 z drobiazg\u00f3w. Doceniam warto\u015bci, kt\u00f3re innym umykaj\u0105 sprzed nosa. Zdaje sobie spraw\u0119, \u017ce wszyscy mamy r\u00f3wne prawa, cho\u0107 r\u00f3\u017cne s\u0105 nasze mo\u017cliwo\u015bci , tak jak ma Mi\u0142osz, dziecko niepe\u0142nosprawne, od urodzenia.<\/p>\n","protected":false},"excerpt":{"rendered":"<p>Nie mam w\u0105tpliwo\u015bci, \u017ce dzi\u0119ki posiadaniu niepe\u0142nosprawnego syna, w naturalnym procesie oswajania si\u0119 z jego problemami zdrowotnymi zaakceptowa\u0142am na sw\u00f3j spos\u00f3b jego s\u0142abo\u015bci. Nie boj\u0119 si\u0119 powiedzie\u0107 na g\u0142os, \u017ce Mi\u0142osz jest dzieckiem niepe\u0142nosprawnym. Nie wstydz\u0119 si\u0119 tego. <\/p>\n","protected":false},"author":1,"featured_media":2025,"comment_status":"open","ping_status":"open","sticky":false,"template":"","format":"standard","meta":{"footnotes":""},"categories":[4],"tags":[],"class_list":["post-2056","post","type-post","status-publish","format-standard","has-post-thumbnail","hentry","category-blog"],"_links":{"self":[{"href":"https:\/\/gorydlamilosza.pl\/index.php\/wp-json\/wp\/v2\/posts\/2056","targetHints":{"allow":["GET"]}}],"collection":[{"href":"https:\/\/gorydlamilosza.pl\/index.php\/wp-json\/wp\/v2\/posts"}],"about":[{"href":"https:\/\/gorydlamilosza.pl\/index.php\/wp-json\/wp\/v2\/types\/post"}],"author":[{"embeddable":true,"href":"https:\/\/gorydlamilosza.pl\/index.php\/wp-json\/wp\/v2\/users\/1"}],"replies":[{"embeddable":true,"href":"https:\/\/gorydlamilosza.pl\/index.php\/wp-json\/wp\/v2\/comments?post=2056"}],"version-history":[{"count":1,"href":"https:\/\/gorydlamilosza.pl\/index.php\/wp-json\/wp\/v2\/posts\/2056\/revisions"}],"predecessor-version":[{"id":2057,"href":"https:\/\/gorydlamilosza.pl\/index.php\/wp-json\/wp\/v2\/posts\/2056\/revisions\/2057"}],"wp:featuredmedia":[{"embeddable":true,"href":"https:\/\/gorydlamilosza.pl\/index.php\/wp-json\/wp\/v2\/media\/2025"}],"wp:attachment":[{"href":"https:\/\/gorydlamilosza.pl\/index.php\/wp-json\/wp\/v2\/media?parent=2056"}],"wp:term":[{"taxonomy":"category","embeddable":true,"href":"https:\/\/gorydlamilosza.pl\/index.php\/wp-json\/wp\/v2\/categories?post=2056"},{"taxonomy":"post_tag","embeddable":true,"href":"https:\/\/gorydlamilosza.pl\/index.php\/wp-json\/wp\/v2\/tags?post=2056"}],"curies":[{"name":"wp","href":"https:\/\/api.w.org\/{rel}","templated":true}]}}