{"id":2069,"date":"2014-11-25T16:06:00","date_gmt":"2014-11-25T15:06:00","guid":{"rendered":"http:\/\/wordpress2225437.home.pl\/palaszewski\/?p=2069"},"modified":"2022-09-24T16:09:20","modified_gmt":"2022-09-24T14:09:20","slug":"terapia-domowa-integracja-sensoryczna-2","status":"publish","type":"post","link":"https:\/\/gorydlamilosza.pl\/index.php\/2014\/11\/25\/terapia-domowa-integracja-sensoryczna-2\/","title":{"rendered":"terapia domowa &#8211; integracja sensoryczna"},"content":{"rendered":"\n<p>Oddzia\u0142ywania terapii sensorycznej w \u015brodowisku domowym Mi\u0142osza, nie zast\u0105pi\u0105 oczywi\u015bcie profesjonalnych zaj\u0119\u0107, odbywaj\u0105cych si\u0119 pod okiem fizjoterapeuty, ale mog\u0105 by\u0107 i s\u0105 jej uzupe\u0142nieniem. W warunkach domowych, wg zalece\u0144 mo\u017cna dostarczy\u0107 potrzebnych dziecku, wielu wra\u017ce\u0144 zmys\u0142owych i przy tym dobrze si\u0119 bawi\u0107.<\/p>\n\n\n\n<p>W trakcie zaj\u0119\u0107 Mi\u0142osza z fizjoterapeut\u0105, otrzymujemy wa\u017cne wskaz\u00f3wki terapeutyczne, co do \u0107wicze\u0144 i stymulacji sensorycznych w domu. Ale takich wskaz\u00f3wek dostarcza mi tak\u017ce sam&nbsp;syn&nbsp;(oznacza to: obserwacj\u0119 jego zachowania ka\u017cdego dnia).<\/p>\n\n\n\n<p>Pok\u00f3j Mi\u0142osza w zale\u017cno\u015bci od jego nastroju zmienia si\u0119 i dostosowuje si\u0119 do jego potrzeb. Jest to miejsce jego odpoczynku, zabawy, nauki, \u0107wicze\u0144 lub terapii SI itp.&nbsp;W ostatnim czasie dzi\u0119ki wp\u0142atom na subkonto Mi\u0142osza z 1% uda\u0142o nam si\u0119 wyposa\u017cy\u0107 pok\u00f3j syna w nowe sprz\u0119ty. Mi\u0142osz ro\u015bnie, a wraz z nim jego potrzeby. Szkoda tylko, \u017ce nasze mieszkanie, kt\u00f3re ma 38 m2 nie jest z gumy. Niewiele ju\u017c zosta\u0142o wolnej powierzchni do wykorzystania.<\/p>\n\n\n\n<p><strong>Lista zakup\u00f3w:<br><\/strong><br>SV\u00c4VA, hu\u015btawka<br>EKORRE, wisz\u0105ce siedzisko z elem. nadmuch.<br>BUSA, tunel dzieci\u0119cy<br>BUSA, namiot dzieci\u0119cy<br>TROGEN, podn\u00f3\u017cek<br>BERET, dysk sensoryczny<\/p>\n","protected":false},"excerpt":{"rendered":"<p>Oddzia\u0142ywania terapii sensorycznej w \u015brodowisku domowym Mi\u0142osza, nie zast\u0105pi\u0105 oczywi\u015bcie profesjonalnych zaj\u0119\u0107, odbywaj\u0105cych si\u0119 pod okiem fizjoterapeuty, ale mog\u0105 by\u0107 i s\u0105 jej uzupe\u0142nieniem.<\/p>\n","protected":false},"author":1,"featured_media":2070,"comment_status":"open","ping_status":"open","sticky":false,"template":"","format":"standard","meta":{"footnotes":""},"categories":[4],"tags":[],"class_list":["post-2069","post","type-post","status-publish","format-standard","has-post-thumbnail","hentry","category-blog"],"_links":{"self":[{"href":"https:\/\/gorydlamilosza.pl\/index.php\/wp-json\/wp\/v2\/posts\/2069","targetHints":{"allow":["GET"]}}],"collection":[{"href":"https:\/\/gorydlamilosza.pl\/index.php\/wp-json\/wp\/v2\/posts"}],"about":[{"href":"https:\/\/gorydlamilosza.pl\/index.php\/wp-json\/wp\/v2\/types\/post"}],"author":[{"embeddable":true,"href":"https:\/\/gorydlamilosza.pl\/index.php\/wp-json\/wp\/v2\/users\/1"}],"replies":[{"embeddable":true,"href":"https:\/\/gorydlamilosza.pl\/index.php\/wp-json\/wp\/v2\/comments?post=2069"}],"version-history":[{"count":1,"href":"https:\/\/gorydlamilosza.pl\/index.php\/wp-json\/wp\/v2\/posts\/2069\/revisions"}],"predecessor-version":[{"id":2071,"href":"https:\/\/gorydlamilosza.pl\/index.php\/wp-json\/wp\/v2\/posts\/2069\/revisions\/2071"}],"wp:featuredmedia":[{"embeddable":true,"href":"https:\/\/gorydlamilosza.pl\/index.php\/wp-json\/wp\/v2\/media\/2070"}],"wp:attachment":[{"href":"https:\/\/gorydlamilosza.pl\/index.php\/wp-json\/wp\/v2\/media?parent=2069"}],"wp:term":[{"taxonomy":"category","embeddable":true,"href":"https:\/\/gorydlamilosza.pl\/index.php\/wp-json\/wp\/v2\/categories?post=2069"},{"taxonomy":"post_tag","embeddable":true,"href":"https:\/\/gorydlamilosza.pl\/index.php\/wp-json\/wp\/v2\/tags?post=2069"}],"curies":[{"name":"wp","href":"https:\/\/api.w.org\/{rel}","templated":true}]}}