{"id":2134,"date":"2014-09-02T17:24:00","date_gmt":"2014-09-02T15:24:00","guid":{"rendered":"http:\/\/wordpress2225437.home.pl\/palaszewski\/?p=2134"},"modified":"2022-09-24T17:29:22","modified_gmt":"2022-09-24T15:29:22","slug":"pieniny-wysoka-2","status":"publish","type":"post","link":"https:\/\/gorydlamilosza.pl\/index.php\/2014\/09\/02\/pieniny-wysoka-2\/","title":{"rendered":"Pieniny &#8211; Wysoka"},"content":{"rendered":"\n<p>Utrzymuje si\u0119 w miar\u0119 dobra&nbsp;aura, jest do\u015b\u0107 pogodnie, nie jest gor\u0105co i co najwa\u017cniejsze nie pada. Dzisiejszym celem jest&nbsp;najwy\u017cszy szczyt ca\u0142ych Pienin&nbsp;\u2013 Wysokie Ska\u0142ki (Wysoka 1050 m n.p.m.).<\/p>\n\n\n\n<p>Wychodz\u0105c z rezerwatu Bia\u0142a Woda zaczynamy do\u015b\u0107 intensywnie wchodzi\u0107 na trawiaste zbocze g\u00f3rskiej hali. Na otwartej przestrzeni odczuwamy niezwyk\u0142\u0105 wolno\u015b\u0107. Po drodze mijamy kilka pojedynczych szeroko rozro\u015bni\u0119tych drzew. Z prze\u0142\u0119czy Rozdziela tym razem kierujemy si\u0119 znakami niebieskimi wzd\u0142u\u017c granicy polsko-s\u0142owackiej w stron\u0119 szczytu Wierchliczka i Jaworzyna. Po drodze widoki s\u0105 oszo\u0142amiaj\u0105ce, jednak zawieszone nisko chmury zas\u0142aniaj\u0105 odleg\u0142e zak\u0105tki, to nam nie przeszkadza w podziwianiu tego pi\u0119knego g\u00f3rskiego krajobrazu. Ostatni dzie\u0144 g\u00f3rskiej wyprawy sprawia, \u017ce chce si\u0119 tu by\u0107 jak najd\u0142u\u017cej. Szkoda, \u017ce nie mo\u017cna nasyci\u0107 si\u0119 otaczaj\u0105c\u0105 przyrod\u0105 na zapas. Zej\u015bcie z Wysokiej nie zaskakuje nas swoj\u0105 stromo\u015bci\u0105, 5 lat temu pokona\u0142am t\u0105 tras\u0119, wi\u0119c mo\u017cna powiedzie\u0107, \u017ce j\u0105 znam. Po pokonaniu stromego zej\u015bcia, dalej idziemy wygodn\u0105 \u015bcie\u017ck\u0105 przez \u0142\u0105ki,&nbsp;z kt\u00f3rych rozpo\u015bcieraj\u0105 si\u0119 \u0142adne widoki. Ostatecznie docieramy do w\u0105wozu Homole.&nbsp;Wielokrotnie przechodzimy przez drewniane i metalowe mostki podziwiaj\u0105c jak w\u0105w\u00f3z&nbsp;wcina si\u0119 prostopadle w g\u0142\u00f3wny grzbiet g\u00f3rski, jego&nbsp;dnem p\u0142ynie potok Kamionka, tworz\u0105cy miejscami bardzo efektowne kaskady.<\/p>\n\n\n\n<p>Tak ko\u0144czy si\u0119 nasza dzisiejsza ostatnia ju\u017c g\u00f3rska w\u0119dr\u00f3wka. W radosnych nastrojach, zadowoleni ze zrealizowanych cel\u00f3w, wracamy do domu.<\/p>\n","protected":false},"excerpt":{"rendered":"<p>Utrzymuje si\u0119 w miar\u0119 dobra\u00a0aura, jest do\u015b\u0107 pogodnie, nie jest gor\u0105co i co najwa\u017cniejsze nie pada. Dzisiejszym celem jest\u00a0najwy\u017cszy szczyt ca\u0142ych Pienin\u00a0\u2013 Wysokie Ska\u0142ki (Wysoka 1050 m n.p.m.).<\/p>\n","protected":false},"author":1,"featured_media":2135,"comment_status":"open","ping_status":"open","sticky":false,"template":"","format":"standard","meta":{"footnotes":""},"categories":[4],"tags":[],"class_list":["post-2134","post","type-post","status-publish","format-standard","has-post-thumbnail","hentry","category-blog"],"_links":{"self":[{"href":"https:\/\/gorydlamilosza.pl\/index.php\/wp-json\/wp\/v2\/posts\/2134","targetHints":{"allow":["GET"]}}],"collection":[{"href":"https:\/\/gorydlamilosza.pl\/index.php\/wp-json\/wp\/v2\/posts"}],"about":[{"href":"https:\/\/gorydlamilosza.pl\/index.php\/wp-json\/wp\/v2\/types\/post"}],"author":[{"embeddable":true,"href":"https:\/\/gorydlamilosza.pl\/index.php\/wp-json\/wp\/v2\/users\/1"}],"replies":[{"embeddable":true,"href":"https:\/\/gorydlamilosza.pl\/index.php\/wp-json\/wp\/v2\/comments?post=2134"}],"version-history":[{"count":1,"href":"https:\/\/gorydlamilosza.pl\/index.php\/wp-json\/wp\/v2\/posts\/2134\/revisions"}],"predecessor-version":[{"id":2136,"href":"https:\/\/gorydlamilosza.pl\/index.php\/wp-json\/wp\/v2\/posts\/2134\/revisions\/2136"}],"wp:featuredmedia":[{"embeddable":true,"href":"https:\/\/gorydlamilosza.pl\/index.php\/wp-json\/wp\/v2\/media\/2135"}],"wp:attachment":[{"href":"https:\/\/gorydlamilosza.pl\/index.php\/wp-json\/wp\/v2\/media?parent=2134"}],"wp:term":[{"taxonomy":"category","embeddable":true,"href":"https:\/\/gorydlamilosza.pl\/index.php\/wp-json\/wp\/v2\/categories?post=2134"},{"taxonomy":"post_tag","embeddable":true,"href":"https:\/\/gorydlamilosza.pl\/index.php\/wp-json\/wp\/v2\/tags?post=2134"}],"curies":[{"name":"wp","href":"https:\/\/api.w.org\/{rel}","templated":true}]}}