{"id":2146,"date":"2014-08-29T18:06:00","date_gmt":"2014-08-29T16:06:00","guid":{"rendered":"http:\/\/wordpress2225437.home.pl\/palaszewski\/?p=2146"},"modified":"2022-09-24T18:09:01","modified_gmt":"2022-09-24T16:09:01","slug":"pieniny-wysoki-wierch","status":"publish","type":"post","link":"https:\/\/gorydlamilosza.pl\/index.php\/2014\/08\/29\/pieniny-wysoki-wierch\/","title":{"rendered":"Pieniny &#8211; Wysoki Wierch"},"content":{"rendered":"\n<p>Tras\u0119 dzisiejszej w\u0119dr\u00f3wki po raz drugi rozpoczynamy w Jaworkach. Aby tam dotrze\u0107 bez samochodu skorzystali\u015bmy z komunikacji zast\u0119pczej. Przeja\u017cd\u017cka pierwszym busem do Szczawnicy i przesiadka do kolejnego, aby dosta\u0107 si\u0119 do Jaworek. Wszystko po to, aby w ko\u0144cowym etapie z trasy w\u0119dr\u00f3wki zej\u015b\u0107 w Szczawnicy i pieszo dosta\u0107 si\u0119 do Kro\u015bcienka.<\/p>\n\n\n\n<p>Po opuszczeniu busa szlakiem rowerowym czerwonym dotarli\u015bmy do schroniska Durbaszka, a stamt\u0105d po chwili pojawi\u0142y si\u0119 ju\u017c znaki niebieskie, kt\u00f3re towarzyszy\u0142y nam ju\u017c praktycznie do&nbsp;samego ko\u0144ca zaplanowanej w\u0119dr\u00f3wki. Szlak wi\u00f3d\u0142 g\u0142\u00f3wnie przez otwarte tereny hal z pi\u0119knymi widokami. Zielona panorama rozpo\u015bciera\u0142a si\u0119 wok\u00f3\u0142, daj\u0105c niesamowite wra\u017cenie wielkiej przestrzeni. Droga w p\u00f3\u017aniejszym etapie prowadzi\u0142a nas w zr\u00f3\u017cnicowanym terenie. Troch\u0119 przez las, przez \u0142\u0105ki, to wznosz\u0105c si\u0119 i opadaj\u0105c. Ostatni etap w\u0119dr\u00f3wki by\u0142 trudny, z ci\u0119\u017ckim podej\u015bciem i stromym zej\u015bciem. Pierwszy raz b\u0119d\u0105c z Mi\u0142oszem musia\u0142am go \u015bci\u0105gn\u0105\u0107, a potem poda\u0107, bo nie by\u0142o szansy zej\u015b\u0107 z jakimkolwiek baga\u017cem w d\u00f3\u0142. \u0179le oznakowany koniec trasy do schroniska Orlica okaza\u0142 si\u0119 niezwykle m\u0119cz\u0105cy. Dzisiejsza wycieczka by\u0142a najd\u0142u\u017csz\u0105 z dotychczasowych. By\u0142a te\u017c najbardziej widokowa.<\/p>\n","protected":false},"excerpt":{"rendered":"<p>Tras\u0119 dzisiejszej w\u0119dr\u00f3wki po raz drugi rozpoczynamy w Jaworkach. Aby tam dotrze\u0107 bez samochodu skorzystali\u015bmy z komunikacji zast\u0119pczej. Przeja\u017cd\u017cka pierwszym busem do Szczawnicy i przesiadka do kolejnego, aby dosta\u0107 si\u0119 do Jaworek. <\/p>\n","protected":false},"author":1,"featured_media":2147,"comment_status":"open","ping_status":"open","sticky":false,"template":"","format":"standard","meta":{"footnotes":""},"categories":[4],"tags":[],"class_list":["post-2146","post","type-post","status-publish","format-standard","has-post-thumbnail","hentry","category-blog"],"_links":{"self":[{"href":"https:\/\/gorydlamilosza.pl\/index.php\/wp-json\/wp\/v2\/posts\/2146","targetHints":{"allow":["GET"]}}],"collection":[{"href":"https:\/\/gorydlamilosza.pl\/index.php\/wp-json\/wp\/v2\/posts"}],"about":[{"href":"https:\/\/gorydlamilosza.pl\/index.php\/wp-json\/wp\/v2\/types\/post"}],"author":[{"embeddable":true,"href":"https:\/\/gorydlamilosza.pl\/index.php\/wp-json\/wp\/v2\/users\/1"}],"replies":[{"embeddable":true,"href":"https:\/\/gorydlamilosza.pl\/index.php\/wp-json\/wp\/v2\/comments?post=2146"}],"version-history":[{"count":1,"href":"https:\/\/gorydlamilosza.pl\/index.php\/wp-json\/wp\/v2\/posts\/2146\/revisions"}],"predecessor-version":[{"id":2148,"href":"https:\/\/gorydlamilosza.pl\/index.php\/wp-json\/wp\/v2\/posts\/2146\/revisions\/2148"}],"wp:featuredmedia":[{"embeddable":true,"href":"https:\/\/gorydlamilosza.pl\/index.php\/wp-json\/wp\/v2\/media\/2147"}],"wp:attachment":[{"href":"https:\/\/gorydlamilosza.pl\/index.php\/wp-json\/wp\/v2\/media?parent=2146"}],"wp:term":[{"taxonomy":"category","embeddable":true,"href":"https:\/\/gorydlamilosza.pl\/index.php\/wp-json\/wp\/v2\/categories?post=2146"},{"taxonomy":"post_tag","embeddable":true,"href":"https:\/\/gorydlamilosza.pl\/index.php\/wp-json\/wp\/v2\/tags?post=2146"}],"curies":[{"name":"wp","href":"https:\/\/api.w.org\/{rel}","templated":true}]}}