{"id":2154,"date":"2014-08-27T18:11:00","date_gmt":"2014-08-27T16:11:00","guid":{"rendered":"http:\/\/wordpress2225437.home.pl\/palaszewski\/?p=2154"},"modified":"2022-09-24T18:14:11","modified_gmt":"2022-09-24T16:14:11","slug":"pieniny-sokolica-2","status":"publish","type":"post","link":"https:\/\/gorydlamilosza.pl\/index.php\/2014\/08\/27\/pieniny-sokolica-2\/","title":{"rendered":"Pieniny &#8211; Sokolica"},"content":{"rendered":"\n<p>Nic tak nie irytuje cz\u0142owieka jak prognoza pogody, kt\u00f3ra si\u0119 nie sprawdzi\u0142a. Pochmurne niebo owszem mia\u0142o by\u0107 ale deszczu ani kropli. Tymczasem pada\u0142o mocniej ni\u017c wczoraj. Ale o tym przekonali\u015bmy si\u0119 dopiero na szlaku. Taka aura ma swoje zalety. Na ca\u0142ym odcinku naszej wycieczki spotkali\u015bmy tylko 5 os\u00f3b. Za to natkn\u0119li\u015bmy si\u0119 na salamandr\u0119 plamist\u0105, kt\u00f3ra zagrodzi\u0142a nam drog\u0119 na szczyt Sokolicy, cel dzisiejszej wyprawy. Kilka razy ju\u017c spotka\u0142am salamandr\u0119 na szlaku. Zawsze by\u0142o po deszczu. Odnosz\u0119 wra\u017cenie, \u017ce p\u0142az ten uwielbia tak\u0105 pogod\u0119. Kiedy przesta\u0142o pada\u0107 w lesie zacz\u0119\u0142a unosi\u0107 si\u0119 para, kt\u00f3ra wprowadzi\u0142a mroczny nastr\u00f3j i to akurat w pobli\u017cu ruin zamku pieni\u0144skiego. Okazuje si\u0119, \u017ce taka pogoda odkrywa zupe\u0142nie inne oblicze\u00a0g\u00f3r. Niezwykle zjawiskowe, pokazuj\u0105ce jakie s\u0105 majestatyczne. Praktycznie ca\u0142\u0105 tras\u0119 pokonali\u015bmy w milczeniu, mia\u0142am chwil\u0119 dla siebie. Pod koniec wyprawy nast\u0105pi\u0142a kr\u00f3tka wymiana zda\u0144 i ostatecznie nakre\u015blenie nowych cel\u00f3w w terapii Mi\u0142osza. Ju\u017c wiele razy poruszali\u015bmy ten temat, ale dzi\u015b ju\u017c wiemy co mamy robi\u0107 dalej. Moja intuicja podpowiada mi, i s\u0142usznie, \u017ce czas na kolejne zmiany. Mimo urlopu moje my\u015bli s\u0105 skupione na dziecku.<\/p>\n","protected":false},"excerpt":{"rendered":"<p>Nic tak nie irytuje cz\u0142owieka jak prognoza pogody, kt\u00f3ra si\u0119 nie sprawdzi\u0142a. Pochmurne niebo owszem mia\u0142o by\u0107 ale deszczu ani kropli. Tymczasem pada\u0142o mocniej ni\u017c wczoraj. Ale o tym przekonali\u015bmy si\u0119 dopiero na szlaku. Taka aura ma swoje zalety. <\/p>\n","protected":false},"author":1,"featured_media":2156,"comment_status":"open","ping_status":"open","sticky":false,"template":"","format":"standard","meta":{"footnotes":""},"categories":[4],"tags":[],"class_list":["post-2154","post","type-post","status-publish","format-standard","has-post-thumbnail","hentry","category-blog"],"_links":{"self":[{"href":"https:\/\/gorydlamilosza.pl\/index.php\/wp-json\/wp\/v2\/posts\/2154","targetHints":{"allow":["GET"]}}],"collection":[{"href":"https:\/\/gorydlamilosza.pl\/index.php\/wp-json\/wp\/v2\/posts"}],"about":[{"href":"https:\/\/gorydlamilosza.pl\/index.php\/wp-json\/wp\/v2\/types\/post"}],"author":[{"embeddable":true,"href":"https:\/\/gorydlamilosza.pl\/index.php\/wp-json\/wp\/v2\/users\/1"}],"replies":[{"embeddable":true,"href":"https:\/\/gorydlamilosza.pl\/index.php\/wp-json\/wp\/v2\/comments?post=2154"}],"version-history":[{"count":1,"href":"https:\/\/gorydlamilosza.pl\/index.php\/wp-json\/wp\/v2\/posts\/2154\/revisions"}],"predecessor-version":[{"id":2157,"href":"https:\/\/gorydlamilosza.pl\/index.php\/wp-json\/wp\/v2\/posts\/2154\/revisions\/2157"}],"wp:featuredmedia":[{"embeddable":true,"href":"https:\/\/gorydlamilosza.pl\/index.php\/wp-json\/wp\/v2\/media\/2156"}],"wp:attachment":[{"href":"https:\/\/gorydlamilosza.pl\/index.php\/wp-json\/wp\/v2\/media?parent=2154"}],"wp:term":[{"taxonomy":"category","embeddable":true,"href":"https:\/\/gorydlamilosza.pl\/index.php\/wp-json\/wp\/v2\/categories?post=2154"},{"taxonomy":"post_tag","embeddable":true,"href":"https:\/\/gorydlamilosza.pl\/index.php\/wp-json\/wp\/v2\/tags?post=2154"}],"curies":[{"name":"wp","href":"https:\/\/api.w.org\/{rel}","templated":true}]}}