{"id":2161,"date":"2014-08-25T18:16:00","date_gmt":"2014-08-25T16:16:00","guid":{"rendered":"http:\/\/wordpress2225437.home.pl\/palaszewski\/?p=2161"},"modified":"2022-09-24T18:18:36","modified_gmt":"2022-09-24T16:18:36","slug":"pieniny-plasnie","status":"publish","type":"post","link":"https:\/\/gorydlamilosza.pl\/index.php\/2014\/08\/25\/pieniny-plasnie\/","title":{"rendered":"Pieniny &#8211; P\u0142a\u015bnie"},"content":{"rendered":"\n<p>Ju\u017c dawno wiedzia\u0142am, \u017ce je\u015bli zdecyduje si\u0119 na d\u0142u\u017cszy wyjazd w g\u00f3ry z dzieckiem to w miejsce, kt\u00f3re znam. Kro\u015bcienko nad Dunajcem odkrywam drugi raz na nowo. Z rodzin\u0105. 5 lat temu by\u0142am tu w podr\u00f3\u017cy po\u015blubnej. Jak ten czas szybko leci! Mariuszowi uda\u0142o si\u0119 w kr\u00f3tkim czasie zaplanowa\u0107 trasy i wycieczki na miar\u0119 naszych mo\u017cliwo\u015bci. Tak aby Mi\u0142osz by\u0142 zadowolony, a rodzice szcz\u0119\u015bliwi. M\u00f3wi si\u0119, \u017ce&nbsp;Pieniny&nbsp;s\u0105 jednym z najpi\u0119kniejszych i najbardziej malowniczych pasm g\u00f3rskich w Polsce, dlatego nie mia\u0142am w\u0105tpliwo\u015bci co do tego aby powr\u00f3ci\u0107 w to samo miejsce. Okazuje si\u0119, \u017ce jest jeszcze kilka&nbsp;malowniczych szlak\u00f3w g\u00f3rskich, kt\u00f3re po raz pierwszy odkryj\u0119 z synem i m\u0119\u017cem. Jak dla mnie to brzmi bardzo zach\u0119caj\u0105co.<\/p>\n\n\n\n<p>Dzisiaj Mi\u0142osz przekroczy\u0142 granic\u0119, niekoniecznie w\u0142asnych mo\u017cliwo\u015bci (tu ju\u017c mu niewiele brakuje), a granic\u0119 naszego pa\u0144stwa. Jako cel wybrali\u015bmy sobie najwy\u017cszy szczyt P\u0142a\u015bnie (s\u0142ow. Pla\u0161n\u00e1 889 m n.p.m.). le\u017c\u0105cy w s\u0142owackich Pieninach, na terenie Pieni\u0144skiego Parku Narodowego. Wycieczka by\u0142a bardzo udana. Po pierwsze mog\u0142am si\u0119 wyspa\u0107. Nigdzie si\u0119 nie spieszy\u0142am. By\u0142am spokojna, a za oknem \u015bwieci\u0142o s\u0142o\u0144ce, co zapowiada\u0142o dzie\u0144 bez deszczu. Mimo, \u017ce na&nbsp;szlak trafili\u015bmy do\u015b\u0107 p\u00f3\u017ano, uda\u0142o nam si\u0119 zrealizowa\u0107 zamierzony plan w ca\u0142o\u015bci. Mi\u0142osz okaza\u0142 si\u0119 \u015bwietnym kompanem. Bardzo si\u0119 cieszy\u0142 i rozgl\u0105da\u0142 si\u0119 ciekawie na boki, jak tylko tata ruszy\u0142 szlakiem pod g\u00f3r\u0119.&nbsp;Na trasie by\u0142o pusto. Bez przepychania si\u0119 \u0142okciami, bez g\u0142o\u015bnych rozm\u00f3w, bez schroniska po drodze. By\u0142o przepi\u0119knie. &nbsp;A Trzy Korony, symbol Pienin by\u0142 ca\u0142y czas na wyci\u0105gni\u0119cie r\u0119ki. Schodz\u0105c ze szlaku zobaczyli\u015bmy co\u015b, co zapar\u0142o nam dech w piersiach. Zupe\u0142nie niespodziewanie, nie wiadomo sk\u0105d, nagle wybieg\u0142o tu\u017c przed nami stado jeleni! Wygl\u0105da\u0142o jakby przed czym\u015b ucieka\u0142y, tyle \u017ce nikt ich nie goni\u0142.<\/p>\n","protected":false},"excerpt":{"rendered":"<p>Ju\u017c dawno wiedzia\u0142am, \u017ce je\u015bli zdecyduje si\u0119 na d\u0142u\u017cszy wyjazd w g\u00f3ry z dzieckiem to w miejsce, kt\u00f3re znam. Kro\u015bcienko nad Dunajcem odkrywam drugi raz na nowo. Z rodzin\u0105. 5 lat temu by\u0142am tu w podr\u00f3\u017cy po\u015blubnej. Jak ten czas szybko leci!<\/p>\n","protected":false},"author":1,"featured_media":2162,"comment_status":"open","ping_status":"open","sticky":false,"template":"","format":"standard","meta":{"footnotes":""},"categories":[4],"tags":[],"class_list":["post-2161","post","type-post","status-publish","format-standard","has-post-thumbnail","hentry","category-blog"],"_links":{"self":[{"href":"https:\/\/gorydlamilosza.pl\/index.php\/wp-json\/wp\/v2\/posts\/2161","targetHints":{"allow":["GET"]}}],"collection":[{"href":"https:\/\/gorydlamilosza.pl\/index.php\/wp-json\/wp\/v2\/posts"}],"about":[{"href":"https:\/\/gorydlamilosza.pl\/index.php\/wp-json\/wp\/v2\/types\/post"}],"author":[{"embeddable":true,"href":"https:\/\/gorydlamilosza.pl\/index.php\/wp-json\/wp\/v2\/users\/1"}],"replies":[{"embeddable":true,"href":"https:\/\/gorydlamilosza.pl\/index.php\/wp-json\/wp\/v2\/comments?post=2161"}],"version-history":[{"count":1,"href":"https:\/\/gorydlamilosza.pl\/index.php\/wp-json\/wp\/v2\/posts\/2161\/revisions"}],"predecessor-version":[{"id":2163,"href":"https:\/\/gorydlamilosza.pl\/index.php\/wp-json\/wp\/v2\/posts\/2161\/revisions\/2163"}],"wp:featuredmedia":[{"embeddable":true,"href":"https:\/\/gorydlamilosza.pl\/index.php\/wp-json\/wp\/v2\/media\/2162"}],"wp:attachment":[{"href":"https:\/\/gorydlamilosza.pl\/index.php\/wp-json\/wp\/v2\/media?parent=2161"}],"wp:term":[{"taxonomy":"category","embeddable":true,"href":"https:\/\/gorydlamilosza.pl\/index.php\/wp-json\/wp\/v2\/categories?post=2161"},{"taxonomy":"post_tag","embeddable":true,"href":"https:\/\/gorydlamilosza.pl\/index.php\/wp-json\/wp\/v2\/tags?post=2161"}],"curies":[{"name":"wp","href":"https:\/\/api.w.org\/{rel}","templated":true}]}}