{"id":2200,"date":"2014-07-20T18:47:00","date_gmt":"2014-07-20T16:47:00","guid":{"rendered":"http:\/\/wordpress2225437.home.pl\/palaszewski\/?p=2200"},"modified":"2022-09-24T18:50:07","modified_gmt":"2022-09-24T16:50:07","slug":"aktywny-odpoczynek","status":"publish","type":"post","link":"https:\/\/gorydlamilosza.pl\/index.php\/2014\/07\/20\/aktywny-odpoczynek\/","title":{"rendered":"aktywny odpoczynek"},"content":{"rendered":"\n<p>Fala gor\u0105ca sprawi\u0142a, \u017ce w lipcow\u0105 niedziel\u0119 pierwsz\u0105 cz\u0119\u015b\u0107 dnia sp\u0119dzili\u015bmy w domu. Ale ju\u017c kr\u00f3tko po godzinie 15 zdecydowali\u015bmy si\u0119, \u017ce jedziemy na wycieczk\u0119 \u2013 rowerow\u0105 wycieczk\u0119. Sprawdzonym sposobem czyli tras\u0119, kt\u00f3ra wiedzie ulicami pokonali\u015bmy autem, a dalej \u015bcie\u017ckami przez las na rowerach. Fajnie by\u0142o z\u0142apa\u0107 troch\u0119 powietrza w p\u0142uca i nacieszy\u0107 si\u0119 delikatnym wiatrem, kt\u00f3ry okaza\u0142 si\u0119 bardzo przyjemny w ten tropikalny upa\u0142. Trasa wiod\u0142a w\u015br\u00f3d drzew, kt\u00f3rych korony dawa\u0142y cie\u0144. Dotarli\u015bmy do celu. W g\u0142owie mia\u0142am kilka my\u015bli. Pami\u0119ta\u0142am, \u017ce by\u0142am tutaj, kiedy\u015b, zanim Mi\u0142osz si\u0119 urodzi\u0142. Wtedy sprawy mia\u0142y si\u0119 inaczej. Dzisiaj mam rodzin\u0119 i jest mi dobrze. Co wtedy sobie my\u015bla\u0142am? Chyba nie mia\u0142am wi\u0119kszych zmartwie\u0144. A dzi\u015b mimo problem\u00f3w ch\u0142on\u0119 ca\u0142\u0105 sob\u0105 przestrze\u0144, kt\u00f3ra mnie otacza. Cisz\u0119, kt\u00f3ra jest jak balsam dla duszy. Natur\u0119, kt\u00f3ra dodaje skrzyde\u0142. Patrz\u0119 w niebo i czuj\u0119 si\u0119 beztrosko jak dziecko. Czy Mi\u0142osz jest szcz\u0119\u015bliwy? \u015amieje si\u0119 do obiektywu i czuj\u0119, \u017ce jemu te\u017c jest dobrze z nami na \u0142onie natury. Ka\u017cda chwila, kt\u00f3ra daje szcz\u0119\u015bcie jest niezwyk\u0142ym motywatorem do dalszych dzia\u0142a\u0144 z my\u015bl\u0105 o Mi\u0142oszu i Mariuszu.<\/p>\n","protected":false},"excerpt":{"rendered":"<p>Fala gor\u0105ca sprawi\u0142a, \u017ce w lipcow\u0105 niedziel\u0119 pierwsz\u0105 cz\u0119\u015b\u0107 dnia sp\u0119dzili\u015bmy w domu. Ale ju\u017c kr\u00f3tko po godzinie 15 zdecydowali\u015bmy si\u0119, \u017ce jedziemy na wycieczk\u0119 \u2013 rowerow\u0105 wycieczk\u0119. Sprawdzonym sposobem czyli tras\u0119, kt\u00f3ra wiedzie ulicami pokonali\u015bmy autem, a dalej \u015bcie\u017ckami przez las na rowerach. <\/p>\n","protected":false},"author":1,"featured_media":2201,"comment_status":"open","ping_status":"open","sticky":false,"template":"","format":"standard","meta":{"footnotes":""},"categories":[4],"tags":[],"class_list":["post-2200","post","type-post","status-publish","format-standard","has-post-thumbnail","hentry","category-blog"],"_links":{"self":[{"href":"https:\/\/gorydlamilosza.pl\/index.php\/wp-json\/wp\/v2\/posts\/2200","targetHints":{"allow":["GET"]}}],"collection":[{"href":"https:\/\/gorydlamilosza.pl\/index.php\/wp-json\/wp\/v2\/posts"}],"about":[{"href":"https:\/\/gorydlamilosza.pl\/index.php\/wp-json\/wp\/v2\/types\/post"}],"author":[{"embeddable":true,"href":"https:\/\/gorydlamilosza.pl\/index.php\/wp-json\/wp\/v2\/users\/1"}],"replies":[{"embeddable":true,"href":"https:\/\/gorydlamilosza.pl\/index.php\/wp-json\/wp\/v2\/comments?post=2200"}],"version-history":[{"count":1,"href":"https:\/\/gorydlamilosza.pl\/index.php\/wp-json\/wp\/v2\/posts\/2200\/revisions"}],"predecessor-version":[{"id":2202,"href":"https:\/\/gorydlamilosza.pl\/index.php\/wp-json\/wp\/v2\/posts\/2200\/revisions\/2202"}],"wp:featuredmedia":[{"embeddable":true,"href":"https:\/\/gorydlamilosza.pl\/index.php\/wp-json\/wp\/v2\/media\/2201"}],"wp:attachment":[{"href":"https:\/\/gorydlamilosza.pl\/index.php\/wp-json\/wp\/v2\/media?parent=2200"}],"wp:term":[{"taxonomy":"category","embeddable":true,"href":"https:\/\/gorydlamilosza.pl\/index.php\/wp-json\/wp\/v2\/categories?post=2200"},{"taxonomy":"post_tag","embeddable":true,"href":"https:\/\/gorydlamilosza.pl\/index.php\/wp-json\/wp\/v2\/tags?post=2200"}],"curies":[{"name":"wp","href":"https:\/\/api.w.org\/{rel}","templated":true}]}}