{"id":2242,"date":"2014-06-30T15:16:00","date_gmt":"2014-06-30T13:16:00","guid":{"rendered":"http:\/\/wordpress2225437.home.pl\/palaszewski\/?p=2242"},"modified":"2022-09-25T15:18:33","modified_gmt":"2022-09-25T13:18:33","slug":"terapia-w-wodzie-pierwszy-skok-do-wody","status":"publish","type":"post","link":"https:\/\/gorydlamilosza.pl\/index.php\/2014\/06\/30\/terapia-w-wodzie-pierwszy-skok-do-wody\/","title":{"rendered":"terapia w wodzie &#8211; pierwszy skok do wody"},"content":{"rendered":"\n<p>Kolejne zaj\u0119cia na basenie za nami i znowu jestem pod wra\u017ceniem. Pocz\u0105tkowo nic nie zapowiada\u0142o, \u017ce Mi\u0142oszek poka\u017ce mi a\u017c dwie nowo\u015bci. Sekwencja \u0107wicze\u0144 powtarza si\u0119 co zaj\u0119cia wi\u0119c patrz\u0105c na syna w wodzie wiem czego spodziewa\u0107 za chwil\u0119. W pewnym momencie, tak jak co tydzie\u0144, terapeuta podp\u0142yn\u0105\u0142 z Mi\u0142oszem do murku, a Mi\u0142osz wyci\u0105gn\u0105\u0142 r\u0119ce na brzeg i\u2026 w tym momencie zamar\u0142am z przera\u017cenia. Terapeuta pu\u015bci\u0142 ca\u0142kowicie syna, a ten podtrzymuj\u0105c si\u0119 murka sam unosi\u0142 si\u0119 w wodzie. Ale to nie koniec emocji. Po chwili Mi\u0142osz usiad\u0142 na murku i\u2026 znowu zamar\u0142am, Mi\u0142osz skoczy\u0142 do basenu. By\u0142 to jego pierwszy samodzielny skok do wody. Na kolejne skoki by\u0142am ju\u017c przygotowana z aparatem w r\u0119ku dzi\u0119ki czemu uda\u0142o mi si\u0119 sfotografowa\u0107 i sfilmowa\u0107 ten wyczyn.<\/p>\n\n\n\n<figure class=\"wp-block-embed is-type-video is-provider-youtube wp-block-embed-youtube wp-embed-aspect-16-9 wp-has-aspect-ratio\"><div class=\"wp-block-embed__wrapper\">\n<iframe loading=\"lazy\" title=\"pierwszy skok do wody\" width=\"960\" height=\"540\" src=\"https:\/\/www.youtube.com\/embed\/Lt5fBfksUtg?feature=oembed\" frameborder=\"0\" allow=\"accelerometer; autoplay; clipboard-write; encrypted-media; gyroscope; picture-in-picture\" allowfullscreen><\/iframe>\n<\/div><\/figure>\n","protected":false},"excerpt":{"rendered":"<p>Kolejne zaj\u0119cia na basenie za nami i znowu jestem pod wra\u017ceniem. Pocz\u0105tkowo nic nie zapowiada\u0142o, \u017ce Mi\u0142oszek poka\u017ce mi a\u017c dwie nowo\u015bci. Sekwencja \u0107wicze\u0144 powtarza si\u0119 co zaj\u0119cia wi\u0119c patrz\u0105c na syna w wodzie wiem czego spodziewa\u0107 za chwil\u0119. <\/p>\n","protected":false},"author":1,"featured_media":2243,"comment_status":"open","ping_status":"open","sticky":false,"template":"","format":"standard","meta":{"footnotes":""},"categories":[4],"tags":[],"class_list":["post-2242","post","type-post","status-publish","format-standard","has-post-thumbnail","hentry","category-blog"],"_links":{"self":[{"href":"https:\/\/gorydlamilosza.pl\/index.php\/wp-json\/wp\/v2\/posts\/2242","targetHints":{"allow":["GET"]}}],"collection":[{"href":"https:\/\/gorydlamilosza.pl\/index.php\/wp-json\/wp\/v2\/posts"}],"about":[{"href":"https:\/\/gorydlamilosza.pl\/index.php\/wp-json\/wp\/v2\/types\/post"}],"author":[{"embeddable":true,"href":"https:\/\/gorydlamilosza.pl\/index.php\/wp-json\/wp\/v2\/users\/1"}],"replies":[{"embeddable":true,"href":"https:\/\/gorydlamilosza.pl\/index.php\/wp-json\/wp\/v2\/comments?post=2242"}],"version-history":[{"count":1,"href":"https:\/\/gorydlamilosza.pl\/index.php\/wp-json\/wp\/v2\/posts\/2242\/revisions"}],"predecessor-version":[{"id":2244,"href":"https:\/\/gorydlamilosza.pl\/index.php\/wp-json\/wp\/v2\/posts\/2242\/revisions\/2244"}],"wp:featuredmedia":[{"embeddable":true,"href":"https:\/\/gorydlamilosza.pl\/index.php\/wp-json\/wp\/v2\/media\/2243"}],"wp:attachment":[{"href":"https:\/\/gorydlamilosza.pl\/index.php\/wp-json\/wp\/v2\/media?parent=2242"}],"wp:term":[{"taxonomy":"category","embeddable":true,"href":"https:\/\/gorydlamilosza.pl\/index.php\/wp-json\/wp\/v2\/categories?post=2242"},{"taxonomy":"post_tag","embeddable":true,"href":"https:\/\/gorydlamilosza.pl\/index.php\/wp-json\/wp\/v2\/tags?post=2242"}],"curies":[{"name":"wp","href":"https:\/\/api.w.org\/{rel}","templated":true}]}}