{"id":2277,"date":"2014-06-04T15:48:00","date_gmt":"2014-06-04T13:48:00","guid":{"rendered":"http:\/\/wordpress2225437.home.pl\/palaszewski\/?p=2277"},"modified":"2022-09-25T15:53:10","modified_gmt":"2022-09-25T13:53:10","slug":"terapia-domowa-arteterapia-2","status":"publish","type":"post","link":"https:\/\/gorydlamilosza.pl\/index.php\/2014\/06\/04\/terapia-domowa-arteterapia-2\/","title":{"rendered":"terapia domowa &#8211; arteterapia"},"content":{"rendered":"\n<p>Patrz\u0105c na obraz mo\u017cna si\u0119 zastanawia\u0107 co autor mia\u0142 na my\u015bli. A mo\u017ce nic? Spontaniczna aktywno\u015b\u0107 jest wa\u017cna w rozwoju dziecka i nie nale\u017cy jej ogranicza\u0107 nawet je\u015bli wydaje nam si\u0119 \u017ce dzia\u0142anie dziecka nie ma sensu. Nie musi mie\u0107. Ono si\u0119 uczy i kiedy ma si\u0119 nauczy\u0107 je\u015bli nie w\u0142a\u015bnie teraz. <br><br>Zastanawiasz si\u0119 jak powsta\u0142o kolejne dzie\u0142o Mi\u0142oszka? To nic innego jak malowanie kulami.<\/p>\n\n\n\n<p>Kartk\u0119 papieru umieszczamy najlepiej&nbsp;w prostok\u0105tnej formie do pieczenia. R\u00f3\u017cnej wielko\u015bci kule zanurzamy w pojemniku z farb\u0105 i umieszczamy na przygotowanym papierze. Trzymaj\u0105c form\u0119 w r\u0119kach toczymy kolorowe kule po bia\u0142ej powierzchni, kt\u00f3re maluj\u0105 niepowtarzalny obraz.<\/p>\n\n\n\n<p>Dla mnie jako mamy to dzie\u0142o ma w sobie jak\u0105\u015b magi\u0119 tajemniczo\u015bci, spogl\u0105daj\u0105c na nie niemal ka\u017cdego dnia odkrywam je kawa\u0142ek po kawa\u0142ku. Magia intensywnego koloru, kszta\u0142t\u00f3w, niedoko\u0144czonych, urwanych i postrz\u0119pionych linii oraz plam to jak niedopowiedziane my\u015bli i emocje, kt\u00f3re s\u0105 przecie\u017c w ka\u017cdym z nas.<\/p>\n","protected":false},"excerpt":{"rendered":"<p>Patrz\u0105c na obraz mo\u017cna si\u0119 zastanawia\u0107 co autor mia\u0142 na my\u015bli. A mo\u017ce nic? Spontaniczna aktywno\u015b\u0107 jest wa\u017cna w rozwoju dziecka i nie nale\u017cy jej ogranicza\u0107 nawet je\u015bli wydaje nam si\u0119 \u017ce dzia\u0142anie dziecka nie ma sensu. Nie musi mie\u0107. Ono si\u0119 uczy i kiedy ma si\u0119 nauczy\u0107 je\u015bli nie w\u0142a\u015bnie teraz. <\/p>\n","protected":false},"author":1,"featured_media":2278,"comment_status":"open","ping_status":"open","sticky":false,"template":"","format":"standard","meta":{"footnotes":""},"categories":[4],"tags":[],"class_list":["post-2277","post","type-post","status-publish","format-standard","has-post-thumbnail","hentry","category-blog"],"_links":{"self":[{"href":"https:\/\/gorydlamilosza.pl\/index.php\/wp-json\/wp\/v2\/posts\/2277","targetHints":{"allow":["GET"]}}],"collection":[{"href":"https:\/\/gorydlamilosza.pl\/index.php\/wp-json\/wp\/v2\/posts"}],"about":[{"href":"https:\/\/gorydlamilosza.pl\/index.php\/wp-json\/wp\/v2\/types\/post"}],"author":[{"embeddable":true,"href":"https:\/\/gorydlamilosza.pl\/index.php\/wp-json\/wp\/v2\/users\/1"}],"replies":[{"embeddable":true,"href":"https:\/\/gorydlamilosza.pl\/index.php\/wp-json\/wp\/v2\/comments?post=2277"}],"version-history":[{"count":1,"href":"https:\/\/gorydlamilosza.pl\/index.php\/wp-json\/wp\/v2\/posts\/2277\/revisions"}],"predecessor-version":[{"id":2279,"href":"https:\/\/gorydlamilosza.pl\/index.php\/wp-json\/wp\/v2\/posts\/2277\/revisions\/2279"}],"wp:featuredmedia":[{"embeddable":true,"href":"https:\/\/gorydlamilosza.pl\/index.php\/wp-json\/wp\/v2\/media\/2278"}],"wp:attachment":[{"href":"https:\/\/gorydlamilosza.pl\/index.php\/wp-json\/wp\/v2\/media?parent=2277"}],"wp:term":[{"taxonomy":"category","embeddable":true,"href":"https:\/\/gorydlamilosza.pl\/index.php\/wp-json\/wp\/v2\/categories?post=2277"},{"taxonomy":"post_tag","embeddable":true,"href":"https:\/\/gorydlamilosza.pl\/index.php\/wp-json\/wp\/v2\/tags?post=2277"}],"curies":[{"name":"wp","href":"https:\/\/api.w.org\/{rel}","templated":true}]}}