{"id":2316,"date":"2014-04-19T16:37:00","date_gmt":"2014-04-19T14:37:00","guid":{"rendered":"http:\/\/wordpress2225437.home.pl\/palaszewski\/?p=2316"},"modified":"2022-09-25T16:39:14","modified_gmt":"2022-09-25T14:39:14","slug":"beskid-maly-hrobacza-laka","status":"publish","type":"post","link":"https:\/\/gorydlamilosza.pl\/index.php\/2014\/04\/19\/beskid-maly-hrobacza-laka\/","title":{"rendered":"Beskid Ma\u0142y &#8211; Hrobacza \u0141\u0105ka"},"content":{"rendered":"\n<p>Sezon g\u00f3rski 2014 oficjalnie zosta\u0142 rozpocz\u0119ty! Na pierwsz\u0105 tras\u0119 wybrali\u015bmy niezbyt d\u0142ugi szlak w Beskidzie Ma\u0142ym.&nbsp;W powietrzu czu\u0107 by\u0142o lekko ch\u0142odn\u0105 rze\u015bko\u015b\u0107 o poranku i zapach wiosny pobudzaj\u0105cy si\u0142y witalne. Pocz\u0105tkowo droga na szczyt wybranym szlakiem bieg\u0142a asfaltem, aby po nied\u0142ugim czasie wprowadzi\u0107 nas na le\u015bne \u015bcie\u017cki.&nbsp;Las jeszcze wpuszcza du\u017co \u015bwiat\u0142a, niebawem jednak zazieleni si\u0119 i stworzy zwart\u0105 koron\u0119.&nbsp;Spokojnie nabierali\u015bmy wysoko\u015bci, bez po\u015bpiechu, a co najwa\u017cniejsze w ciszy i w spokoju. Na szczycie pojawi\u0142a si\u0119 rozleg\u0142a \u0142\u0105ka i polana, i oczywi\u015bcie \u0142adne panoramy.&nbsp;\u015acie\u017cka ze szczytu schodzi\u0142a w d\u00f3\u0142 do\u015b\u0107 stromo. Pokonujemy ten odcinek w deszczu. Ostatecznie docieramy&nbsp;do kraw\u0119dzi lasu i pierwszych zabudowa\u0144 Mi\u0119dzybrodzia Bialskiego. Jeste\u015bmy jeszcze przez chwil\u0119 na pewnej wysoko\u015bci z kt\u00f3rej mamy panoram\u0119 na Jezioro Mi\u0119dzybrodzkie.<\/p>\n\n\n\n<p>Przebyty dystans 11,6 km pokonali\u015bmy w nieco ponad trzy godziny, nie licz\u0105c przerwy na posi\u0142ek przy schronisku.&nbsp;Obawia\u0142am si\u0119 troch\u0119 o trening czysto\u015bci Mi\u0142osza, czy taka wyprawa na ca\u0142y dzie\u0144 nie zak\u0142\u00f3ci jego przyzwyczaje\u0144. Nic takiego nie mia\u0142o miejsca, poradzi\u0142 sobie zar\u00f3wno dobrze jak w domu tak i w trudnym terenie! Wycieczka by\u0142a te\u017c okazj\u0105 do przetestowania nowego profesjonalnego nosid\u0142a. Niebywa\u0142\u0105 zalet\u0105 jest to, \u017ce dziecko w nim transportowane czuje si\u0119 naprawd\u0119 komfortowo.<\/p>\n","protected":false},"excerpt":{"rendered":"<p>Sezon g\u00f3rski 2014 oficjalnie zosta\u0142 rozpocz\u0119ty! Na pierwsz\u0105 tras\u0119 wybrali\u015bmy niezbyt d\u0142ugi szlak w Beskidzie Ma\u0142ym.\u00a0W powietrzu czu\u0107 by\u0142o lekko ch\u0142odn\u0105 rze\u015bko\u015b\u0107 o poranku i zapach wiosny pobudzaj\u0105cy si\u0142y witalne.<\/p>\n","protected":false},"author":1,"featured_media":2317,"comment_status":"open","ping_status":"open","sticky":false,"template":"","format":"standard","meta":{"footnotes":""},"categories":[4],"tags":[],"class_list":["post-2316","post","type-post","status-publish","format-standard","has-post-thumbnail","hentry","category-blog"],"_links":{"self":[{"href":"https:\/\/gorydlamilosza.pl\/index.php\/wp-json\/wp\/v2\/posts\/2316","targetHints":{"allow":["GET"]}}],"collection":[{"href":"https:\/\/gorydlamilosza.pl\/index.php\/wp-json\/wp\/v2\/posts"}],"about":[{"href":"https:\/\/gorydlamilosza.pl\/index.php\/wp-json\/wp\/v2\/types\/post"}],"author":[{"embeddable":true,"href":"https:\/\/gorydlamilosza.pl\/index.php\/wp-json\/wp\/v2\/users\/1"}],"replies":[{"embeddable":true,"href":"https:\/\/gorydlamilosza.pl\/index.php\/wp-json\/wp\/v2\/comments?post=2316"}],"version-history":[{"count":1,"href":"https:\/\/gorydlamilosza.pl\/index.php\/wp-json\/wp\/v2\/posts\/2316\/revisions"}],"predecessor-version":[{"id":2318,"href":"https:\/\/gorydlamilosza.pl\/index.php\/wp-json\/wp\/v2\/posts\/2316\/revisions\/2318"}],"wp:featuredmedia":[{"embeddable":true,"href":"https:\/\/gorydlamilosza.pl\/index.php\/wp-json\/wp\/v2\/media\/2317"}],"wp:attachment":[{"href":"https:\/\/gorydlamilosza.pl\/index.php\/wp-json\/wp\/v2\/media?parent=2316"}],"wp:term":[{"taxonomy":"category","embeddable":true,"href":"https:\/\/gorydlamilosza.pl\/index.php\/wp-json\/wp\/v2\/categories?post=2316"},{"taxonomy":"post_tag","embeddable":true,"href":"https:\/\/gorydlamilosza.pl\/index.php\/wp-json\/wp\/v2\/tags?post=2316"}],"curies":[{"name":"wp","href":"https:\/\/api.w.org\/{rel}","templated":true}]}}