{"id":2373,"date":"2014-02-15T17:26:00","date_gmt":"2014-02-15T16:26:00","guid":{"rendered":"http:\/\/wordpress2225437.home.pl\/palaszewski\/?p=2373"},"modified":"2022-09-25T17:29:02","modified_gmt":"2022-09-25T15:29:02","slug":"minal-rok","status":"publish","type":"post","link":"https:\/\/gorydlamilosza.pl\/index.php\/2014\/02\/15\/minal-rok\/","title":{"rendered":"min\u0105\u0142 rok"},"content":{"rendered":"\n<p>15 luty 2013 to bardzo wa\u017cna data w moim \u017cyciu. To w\u0142a\u015bnie rok temu zabra\u0142am Mi\u0142osza do domu, po 54 dniach pobytu w bytomskim szpitalu. Pierwsze ubieranie by\u0142o nie lada wyzwaniem. Wszystko by\u0142o za du\u017ce. Najmniejszy rozmiar ubranek jaki Mi\u0142osz mia\u0142 w szafie to 50 cm, a syn tak\u0105 d\u0142ugo\u015b\u0107 cia\u0142a osi\u0105gn\u0105\u0142 dopiero za kilka miesi\u0119cy.\u00a0\u00a0Kolejny problem: fotelik samochodowy. \u00a0Okazuje si\u0119, \u017ce 2 kilogramowe dziecko jest za ma\u0142e i w foteliku si\u0119 po prostu zapada.\u00a0Dzi\u0119ki pomocy monitora ruch\u00f3w oddechowych dziecka \u00a0mog\u0142am cho\u0107 na chwil\u0119 ze spokojem zasn\u0105\u0107. Karmienie Mi\u0142osza praktycznie co dwie godziny nawet w nocy by\u0142o prawdziwym wyzwaniem. Dobrze, \u017ce mog\u0142am robi\u0107 to na zmian\u0119 z m\u0119\u017cem. Wtedy nie wiedzia\u0142am jeszcze, \u017ce syn b\u0119dzie z nami tylko dwa tygodnie. Ze wzgl\u0119du na retinopati\u0119 i narastaj\u0105c\u0105 torbiel po krwiaku \u015br\u00f3dm\u00f3zgowym, 1 marca Mi\u0142osz ponownie by\u0142 hospitalizowany przez prawie dwa miesi\u0105ce. Mimo tych trudno\u015bci, te dwa tygodnie z synem, to jedne z najpi\u0119kniejszych dni w moim \u017cyciu i zapami\u0119tam je na zawsze. Pierwsza jazda samochodem, pierwsze ubieranie, rozbieranie, pierwsza k\u0105piel, pierwsza wizyta dziadk\u00f3w\u2026 Cz\u0119sto wracam my\u015blami do tego okresu.<\/p>\n","protected":false},"excerpt":{"rendered":"<p>15 luty 2013 to bardzo wa\u017cna data w moim \u017cyciu. To w\u0142a\u015bnie rok temu zabra\u0142am Mi\u0142osza do domu, po 54 dniach pobytu w bytomskim szpitalu. Pierwsze ubieranie by\u0142o nie lada wyzwaniem. Wszystko by\u0142o za du\u017ce. <\/p>\n","protected":false},"author":1,"featured_media":1010,"comment_status":"open","ping_status":"open","sticky":false,"template":"","format":"standard","meta":{"footnotes":""},"categories":[4],"tags":[],"class_list":["post-2373","post","type-post","status-publish","format-standard","has-post-thumbnail","hentry","category-blog"],"_links":{"self":[{"href":"https:\/\/gorydlamilosza.pl\/index.php\/wp-json\/wp\/v2\/posts\/2373","targetHints":{"allow":["GET"]}}],"collection":[{"href":"https:\/\/gorydlamilosza.pl\/index.php\/wp-json\/wp\/v2\/posts"}],"about":[{"href":"https:\/\/gorydlamilosza.pl\/index.php\/wp-json\/wp\/v2\/types\/post"}],"author":[{"embeddable":true,"href":"https:\/\/gorydlamilosza.pl\/index.php\/wp-json\/wp\/v2\/users\/1"}],"replies":[{"embeddable":true,"href":"https:\/\/gorydlamilosza.pl\/index.php\/wp-json\/wp\/v2\/comments?post=2373"}],"version-history":[{"count":1,"href":"https:\/\/gorydlamilosza.pl\/index.php\/wp-json\/wp\/v2\/posts\/2373\/revisions"}],"predecessor-version":[{"id":2374,"href":"https:\/\/gorydlamilosza.pl\/index.php\/wp-json\/wp\/v2\/posts\/2373\/revisions\/2374"}],"wp:featuredmedia":[{"embeddable":true,"href":"https:\/\/gorydlamilosza.pl\/index.php\/wp-json\/wp\/v2\/media\/1010"}],"wp:attachment":[{"href":"https:\/\/gorydlamilosza.pl\/index.php\/wp-json\/wp\/v2\/media?parent=2373"}],"wp:term":[{"taxonomy":"category","embeddable":true,"href":"https:\/\/gorydlamilosza.pl\/index.php\/wp-json\/wp\/v2\/categories?post=2373"},{"taxonomy":"post_tag","embeddable":true,"href":"https:\/\/gorydlamilosza.pl\/index.php\/wp-json\/wp\/v2\/tags?post=2373"}],"curies":[{"name":"wp","href":"https:\/\/api.w.org\/{rel}","templated":true}]}}