{"id":2405,"date":"2013-12-25T14:13:00","date_gmt":"2013-12-25T13:13:00","guid":{"rendered":"http:\/\/wordpress2225437.home.pl\/palaszewski\/?p=2405"},"modified":"2022-09-26T14:15:59","modified_gmt":"2022-09-26T12:15:59","slug":"mam-roczek","status":"publish","type":"post","link":"https:\/\/gorydlamilosza.pl\/index.php\/2013\/12\/25\/mam-roczek\/","title":{"rendered":"mam roczek"},"content":{"rendered":"\n<p>Dzisiaj wraz ze zdmuchni\u0119ciem \u015bwieczki na urodzinowym torcie Mi\u0142osz przesta\u0142 by\u0107 niemowlakiem i wkroczy\u0142 w wiek wczesnego dzieci\u0144stwa. Sk\u0142adaj\u0105c \u017cyczenia swojemu rocznemu synowi powiedzia\u0142am szczerze i g\u0142o\u015bno: jestem z Ciebie dumna! I cho\u0107 to jego urodziny to troch\u0119 czu\u0142am, \u017ce jest to r\u00f3wnie\u017c moje \u015bwi\u0119to. Jestem dumn\u0105 i szcz\u0119\u015bliw\u0105 mam\u0105.<\/p>\n","protected":false},"excerpt":{"rendered":"<p>Dzisiaj wraz ze zdmuchni\u0119ciem \u015bwieczki na urodzinowym torcie Mi\u0142osz przesta\u0142 by\u0107 niemowlakiem i wkroczy\u0142 w wiek wczesnego dzieci\u0144stwa. Sk\u0142adaj\u0105c \u017cyczenia swojemu rocznemu synowi powiedzia\u0142am szczerze i g\u0142o\u015bno: jestem z Ciebie dumna! I cho\u0107 to jego urodziny to troch\u0119 czu\u0142am, \u017ce jest to r\u00f3wnie\u017c moje \u015bwi\u0119to. Jestem dumn\u0105 i szcz\u0119\u015bliw\u0105 mam\u0105.<\/p>\n","protected":false},"author":1,"featured_media":2406,"comment_status":"open","ping_status":"open","sticky":false,"template":"","format":"standard","meta":{"footnotes":""},"categories":[4],"tags":[],"class_list":["post-2405","post","type-post","status-publish","format-standard","has-post-thumbnail","hentry","category-blog"],"_links":{"self":[{"href":"https:\/\/gorydlamilosza.pl\/index.php\/wp-json\/wp\/v2\/posts\/2405","targetHints":{"allow":["GET"]}}],"collection":[{"href":"https:\/\/gorydlamilosza.pl\/index.php\/wp-json\/wp\/v2\/posts"}],"about":[{"href":"https:\/\/gorydlamilosza.pl\/index.php\/wp-json\/wp\/v2\/types\/post"}],"author":[{"embeddable":true,"href":"https:\/\/gorydlamilosza.pl\/index.php\/wp-json\/wp\/v2\/users\/1"}],"replies":[{"embeddable":true,"href":"https:\/\/gorydlamilosza.pl\/index.php\/wp-json\/wp\/v2\/comments?post=2405"}],"version-history":[{"count":1,"href":"https:\/\/gorydlamilosza.pl\/index.php\/wp-json\/wp\/v2\/posts\/2405\/revisions"}],"predecessor-version":[{"id":2407,"href":"https:\/\/gorydlamilosza.pl\/index.php\/wp-json\/wp\/v2\/posts\/2405\/revisions\/2407"}],"wp:featuredmedia":[{"embeddable":true,"href":"https:\/\/gorydlamilosza.pl\/index.php\/wp-json\/wp\/v2\/media\/2406"}],"wp:attachment":[{"href":"https:\/\/gorydlamilosza.pl\/index.php\/wp-json\/wp\/v2\/media?parent=2405"}],"wp:term":[{"taxonomy":"category","embeddable":true,"href":"https:\/\/gorydlamilosza.pl\/index.php\/wp-json\/wp\/v2\/categories?post=2405"},{"taxonomy":"post_tag","embeddable":true,"href":"https:\/\/gorydlamilosza.pl\/index.php\/wp-json\/wp\/v2\/tags?post=2405"}],"curies":[{"name":"wp","href":"https:\/\/api.w.org\/{rel}","templated":true}]}}