{"id":2448,"date":"2013-11-17T15:41:00","date_gmt":"2013-11-17T14:41:00","guid":{"rendered":"http:\/\/wordpress2225437.home.pl\/palaszewski\/?p=2448"},"modified":"2022-09-26T15:44:29","modified_gmt":"2022-09-26T13:44:29","slug":"17-listopada-swiatowy-dzien-wczesniaka-3","status":"publish","type":"post","link":"https:\/\/gorydlamilosza.pl\/index.php\/2013\/11\/17\/17-listopada-swiatowy-dzien-wczesniaka-3\/","title":{"rendered":"17 listopada \u2013 \u015awiatowy Dzie\u0144 Wcze\u015bniaka"},"content":{"rendered":"\n<p>Jedno na dziesi\u0119cioro dzieci na ca\u0142ym \u015bwiecie jest wcze\u015bniakiem. M\u00f3j syn Mi\u0142osz jest dzieckiem przedwcze\u015bnie urodzonym. Od momentu narodzin moje dziecko balansowa\u0142o na granicy \u017cycia i \u015bmierci. Wybra\u0142o \u017cycie. Sam moment narodzin by\u0142 dla mnie wielkim zaskoczeniem, a poziom mojej wiedzy na temat problem\u00f3w z tym zwi\u0105zanych by\u0142 zerowy. Warto m\u00f3wi\u0107 o tym g\u0142o\u015bno, \u017ce ka\u017cde dziecko urodzone przed terminem powinno mie\u0107 zapewnion\u0105 kompleksow\u0105 opiek\u0119 od A do Z ju\u017c od samego pocz\u0105tku na bardzo wysokim poziomie. Wa\u017cna jest opieka zar\u00f3wno w \u015brodowisku szpitalnym jak i p\u00f3\u017aniejsza w domu. Opieka, kt\u00f3ra pomo\u017ce zapewni\u0107 dziecku mo\u017cliwie najlepszy start. Sama z do\u015bwiadczenia wiem, \u017ce systematyczna i dobrze prowadzona rehabilitacja przynosi rezultaty. Edukacja rodzic\u00f3w wcze\u015bniak\u00f3w powinna by\u0107 rozpocz\u0119ta ju\u017c od momentu narodzin.&nbsp;<strong>\u015awiatowy Dzie\u0144 Wcze\u015bniaka<\/strong>, ma w\u0142a\u015bnie na celu podniesienie \u015bwiadomo\u015bci na temat wcze\u015bniak\u00f3w i solidarno\u015b\u0107 z rodzinami, kt\u00f3re do\u015bwiadczy\u0142y na w\u0142asnej sk\u00f3rze przedwczesnego porodu.&nbsp;<\/p>\n\n\n\n<p>Wiem, dok\u0105d zmierzam. Niewa\u017cne, jak\u0105 drog\u0105 dojd\u0119. 25 grudnia 2012 roku rozpocz\u0119\u0142am swoj\u0105 w\u0119dr\u00f3wk\u0119 po tym \u015bwiecie jako mama Mi\u0142osza. M\u00f3j syn nadal wymaga specjalistycznego leczenia i&nbsp;rehabilitacji. Licz\u0119, \u017ce&nbsp;pomo\u017cecie mi w dalszej walce, pami\u0119tajcie o tym, \u017ce nawet ta najd\u0142u\u017csza droga zaczyna si\u0119 od pierwszego kroku. Pierwszego kroku Mi\u0142osza\u2026<\/p>\n","protected":false},"excerpt":{"rendered":"<p>Jedno na dziesi\u0119cioro dzieci na ca\u0142ym \u015bwiecie jest wcze\u015bniakiem. M\u00f3j syn Mi\u0142osz jest dzieckiem przedwcze\u015bnie urodzonym. Od momentu narodzin moje dziecko balansowa\u0142o na granicy \u017cycia i \u015bmierci. Wybra\u0142o \u017cycie. <\/p>\n","protected":false},"author":1,"featured_media":2449,"comment_status":"open","ping_status":"open","sticky":false,"template":"","format":"standard","meta":{"footnotes":""},"categories":[4],"tags":[],"class_list":["post-2448","post","type-post","status-publish","format-standard","has-post-thumbnail","hentry","category-blog"],"_links":{"self":[{"href":"https:\/\/gorydlamilosza.pl\/index.php\/wp-json\/wp\/v2\/posts\/2448","targetHints":{"allow":["GET"]}}],"collection":[{"href":"https:\/\/gorydlamilosza.pl\/index.php\/wp-json\/wp\/v2\/posts"}],"about":[{"href":"https:\/\/gorydlamilosza.pl\/index.php\/wp-json\/wp\/v2\/types\/post"}],"author":[{"embeddable":true,"href":"https:\/\/gorydlamilosza.pl\/index.php\/wp-json\/wp\/v2\/users\/1"}],"replies":[{"embeddable":true,"href":"https:\/\/gorydlamilosza.pl\/index.php\/wp-json\/wp\/v2\/comments?post=2448"}],"version-history":[{"count":1,"href":"https:\/\/gorydlamilosza.pl\/index.php\/wp-json\/wp\/v2\/posts\/2448\/revisions"}],"predecessor-version":[{"id":2450,"href":"https:\/\/gorydlamilosza.pl\/index.php\/wp-json\/wp\/v2\/posts\/2448\/revisions\/2450"}],"wp:featuredmedia":[{"embeddable":true,"href":"https:\/\/gorydlamilosza.pl\/index.php\/wp-json\/wp\/v2\/media\/2449"}],"wp:attachment":[{"href":"https:\/\/gorydlamilosza.pl\/index.php\/wp-json\/wp\/v2\/media?parent=2448"}],"wp:term":[{"taxonomy":"category","embeddable":true,"href":"https:\/\/gorydlamilosza.pl\/index.php\/wp-json\/wp\/v2\/categories?post=2448"},{"taxonomy":"post_tag","embeddable":true,"href":"https:\/\/gorydlamilosza.pl\/index.php\/wp-json\/wp\/v2\/tags?post=2448"}],"curies":[{"name":"wp","href":"https:\/\/api.w.org\/{rel}","templated":true}]}}