{"id":2635,"date":"2022-11-21T10:42:53","date_gmt":"2022-11-21T09:42:53","guid":{"rendered":"http:\/\/palaszewski.com\/?p=2635"},"modified":"2022-11-21T10:42:53","modified_gmt":"2022-11-21T09:42:53","slug":"buczynka-i-hala-uszczawne","status":"publish","type":"post","link":"https:\/\/gorydlamilosza.pl\/index.php\/2022\/11\/21\/buczynka-i-hala-uszczawne\/","title":{"rendered":"Buczynka i hala Uszczawne"},"content":{"rendered":"\n<p>Nareszcie! Ju\u017c jest \u015bnieg! W g\u00f3rach zrobi\u0142o si\u0119 bia\u0142o i bajkowo. \u015aniegu jest ca\u0142kiem sporo jak na listopad ale je\u015bli chcecie go zobaczy\u0107 musicie si\u0119 pospieszy\u0107. Za kilka dni na pewno stopnieje. T\u0119sknili\u015bmy za takimi widokami. \u015anie\u017cnobia\u0142e krajobrazy podziwiali\u015bmy dzisiaj w Beskidzie \u017bywieckim. Prawda, \u017ce pi\u0119knie?<\/p>\n","protected":false},"excerpt":{"rendered":"<p>Nareszcie! Ju\u017c jest \u015bnieg! W g\u00f3rach zrobi\u0142o si\u0119 bia\u0142o i bajkowo. \u015aniegu jest ca\u0142kiem sporo jak na listopad ale je\u015bli chcecie go zobaczy\u0107 musicie si\u0119 pospieszy\u0107. Za kilka dni na pewno stopnieje. T\u0119sknili\u015bmy za takimi widokami. \u015anie\u017cnobia\u0142e krajobrazy podziwiali\u015bmy dzisiaj w Beskidzie \u017bywieckim. Prawda, \u017ce pi\u0119knie?<\/p>\n","protected":false},"author":1,"featured_media":2636,"comment_status":"open","ping_status":"open","sticky":false,"template":"","format":"standard","meta":{"footnotes":""},"categories":[4],"tags":[],"class_list":["post-2635","post","type-post","status-publish","format-standard","has-post-thumbnail","hentry","category-blog"],"_links":{"self":[{"href":"https:\/\/gorydlamilosza.pl\/index.php\/wp-json\/wp\/v2\/posts\/2635","targetHints":{"allow":["GET"]}}],"collection":[{"href":"https:\/\/gorydlamilosza.pl\/index.php\/wp-json\/wp\/v2\/posts"}],"about":[{"href":"https:\/\/gorydlamilosza.pl\/index.php\/wp-json\/wp\/v2\/types\/post"}],"author":[{"embeddable":true,"href":"https:\/\/gorydlamilosza.pl\/index.php\/wp-json\/wp\/v2\/users\/1"}],"replies":[{"embeddable":true,"href":"https:\/\/gorydlamilosza.pl\/index.php\/wp-json\/wp\/v2\/comments?post=2635"}],"version-history":[{"count":1,"href":"https:\/\/gorydlamilosza.pl\/index.php\/wp-json\/wp\/v2\/posts\/2635\/revisions"}],"predecessor-version":[{"id":2637,"href":"https:\/\/gorydlamilosza.pl\/index.php\/wp-json\/wp\/v2\/posts\/2635\/revisions\/2637"}],"wp:featuredmedia":[{"embeddable":true,"href":"https:\/\/gorydlamilosza.pl\/index.php\/wp-json\/wp\/v2\/media\/2636"}],"wp:attachment":[{"href":"https:\/\/gorydlamilosza.pl\/index.php\/wp-json\/wp\/v2\/media?parent=2635"}],"wp:term":[{"taxonomy":"category","embeddable":true,"href":"https:\/\/gorydlamilosza.pl\/index.php\/wp-json\/wp\/v2\/categories?post=2635"},{"taxonomy":"post_tag","embeddable":true,"href":"https:\/\/gorydlamilosza.pl\/index.php\/wp-json\/wp\/v2\/tags?post=2635"}],"curies":[{"name":"wp","href":"https:\/\/api.w.org\/{rel}","templated":true}]}}