{"id":2808,"date":"2023-07-02T18:07:10","date_gmt":"2023-07-02T16:07:10","guid":{"rendered":"https:\/\/gorydlamilosza.pl\/?p=2808"},"modified":"2023-07-02T18:07:10","modified_gmt":"2023-07-02T16:07:10","slug":"hala-jodlowcowa-beskid-zywiecki","status":"publish","type":"post","link":"https:\/\/gorydlamilosza.pl\/index.php\/2023\/07\/02\/hala-jodlowcowa-beskid-zywiecki\/","title":{"rendered":"Hala Jod\u0142owcowa, Beskid \u017bywiecki"},"content":{"rendered":"\n<p>Kiedy po raz ostatni byli\u015bmy w Beskidach w wy\u017cszych partiach g\u00f3r wci\u0105\u017c le\u017ca\u0142 \u015bnieg. Dzisiaj panuje wszechobecna ziele\u0144. Dawno nie widzia\u0142am tak \u017cywych kolor\u00f3w w Beskidach! Mog\u0142oby si\u0119 wydawa\u0107, \u017ce dzisiejsza pogoda nie jest najlepsza na g\u00f3rskie w\u0119dr\u00f3wki ale to tylko pozory. Stalowo grafitowe chmury stworzy\u0142y spektakularne widowisko na niebie. Podziwiali\u015bmy je przez ca\u0142\u0105 drog\u0119 a\u017c&#8230; spad\u0142 z nich deszcz \ud83d\ude42  <br><br>Dzisiejsze w\u0119dr\u00f3wka odby\u0142a si\u0119 w szczytnym celu. Przebyte kilometry zamienili\u015bmy na z\u0142ot\u00f3wki, kt\u00f3re zostan\u0105 przekazane podopiecznym Domu Dziecka. Akcj\u0119 organizuje Fundacja The Good People i na jej stronie znajdziecie szczeg\u00f3\u0142y. Warto \u015bledzi\u0107 ich wpisy bo z pewno\u015bci\u0105 takich akcji b\u0119dzie wi\u0119cej. <\/p>\n","protected":false},"excerpt":{"rendered":"<p>Kiedy po raz ostatni byli\u015bmy w Beskidach w wy\u017cszych partiach g\u00f3r wci\u0105\u017c le\u017ca\u0142 \u015bnieg. Dzisiaj panuje wszechobecna ziele\u0144. Dawno nie widzia\u0142am tak \u017cywych kolor\u00f3w w Beskidach! Mog\u0142oby si\u0119 wydawa\u0107, \u017ce dzisiejsza pogoda nie jest najlepsza na g\u00f3rskie w\u0119dr\u00f3wki ale to tylko pozory. Stalowo grafitowe chmury stworzy\u0142y spektakularne widowisko na niebie. Podziwiali\u015bmy je przez ca\u0142\u0105 drog\u0119 a\u017c&#8230; spad\u0142 z nich deszcz \ud83d\ude42 Dzisiejsze w\u0119dr\u00f3wka odby\u0142a si\u0119 w szczytnym celu. Przebyte kilometry zamienili\u015bmy na z\u0142ot\u00f3wki, kt\u00f3re zostan\u0105 przekazane podopiecznym Domu Dziecka. Akcj\u0119 organizuje Fundacja The Good People i na jej stronie znajdziecie szczeg\u00f3\u0142y. Warto \u015bledzi\u0107 ich wpisy bo z pewno\u015bci\u0105 takich akcji b\u0119dzie wi\u0119cej.<\/p>\n","protected":false},"author":1,"featured_media":2810,"comment_status":"open","ping_status":"open","sticky":false,"template":"","format":"standard","meta":{"footnotes":""},"categories":[4],"tags":[],"class_list":["post-2808","post","type-post","status-publish","format-standard","has-post-thumbnail","hentry","category-blog"],"_links":{"self":[{"href":"https:\/\/gorydlamilosza.pl\/index.php\/wp-json\/wp\/v2\/posts\/2808","targetHints":{"allow":["GET"]}}],"collection":[{"href":"https:\/\/gorydlamilosza.pl\/index.php\/wp-json\/wp\/v2\/posts"}],"about":[{"href":"https:\/\/gorydlamilosza.pl\/index.php\/wp-json\/wp\/v2\/types\/post"}],"author":[{"embeddable":true,"href":"https:\/\/gorydlamilosza.pl\/index.php\/wp-json\/wp\/v2\/users\/1"}],"replies":[{"embeddable":true,"href":"https:\/\/gorydlamilosza.pl\/index.php\/wp-json\/wp\/v2\/comments?post=2808"}],"version-history":[{"count":1,"href":"https:\/\/gorydlamilosza.pl\/index.php\/wp-json\/wp\/v2\/posts\/2808\/revisions"}],"predecessor-version":[{"id":2809,"href":"https:\/\/gorydlamilosza.pl\/index.php\/wp-json\/wp\/v2\/posts\/2808\/revisions\/2809"}],"wp:featuredmedia":[{"embeddable":true,"href":"https:\/\/gorydlamilosza.pl\/index.php\/wp-json\/wp\/v2\/media\/2810"}],"wp:attachment":[{"href":"https:\/\/gorydlamilosza.pl\/index.php\/wp-json\/wp\/v2\/media?parent=2808"}],"wp:term":[{"taxonomy":"category","embeddable":true,"href":"https:\/\/gorydlamilosza.pl\/index.php\/wp-json\/wp\/v2\/categories?post=2808"},{"taxonomy":"post_tag","embeddable":true,"href":"https:\/\/gorydlamilosza.pl\/index.php\/wp-json\/wp\/v2\/tags?post=2808"}],"curies":[{"name":"wp","href":"https:\/\/api.w.org\/{rel}","templated":true}]}}