{"id":2830,"date":"2023-07-28T18:20:54","date_gmt":"2023-07-28T16:20:54","guid":{"rendered":"https:\/\/gorydlamilosza.pl\/?p=2830"},"modified":"2023-07-28T18:25:07","modified_gmt":"2023-07-28T16:25:07","slug":"gory-dla-milosza-po-raz-piaty-mamy-to","status":"publish","type":"post","link":"https:\/\/gorydlamilosza.pl\/index.php\/2023\/07\/28\/gory-dla-milosza-po-raz-piaty-mamy-to\/","title":{"rendered":"G\u00f3ry dla Mi\u0142osza po raz pi\u0105ty &#8211; mamy to!"},"content":{"rendered":"\n<p>Razem z naszym niepe\u0142nosprawnym synem przeszli\u015bmy szlak Tour du Mont Blanc! To by\u0142a najd\u0142u\u017csza wyprawa w ramach charytatywnego projektu &#8222;G\u00f3ry dla Mi\u0142osza&#8221;. Przej\u015bcie 170km i pokonanie niemal 10 000m przewy\u017csze\u0144 by\u0142o du\u017cym wyzwaniem. TMB r\u00f3\u017cni si\u0119 od naszych dotychczasowych przej\u015b\u0107 d\u0142ugodystansowych. Przede wszystkim szlak nie prowadzi grani\u0105, nie zdobywamy te\u017c \u017cadnego szczytu. Mimo to, niemal codziennie byli\u015bmy na wysoko\u015bci powy\u017cej 2000m. Ka\u017cdego dnia wchodzili\u015bmy na prze\u0142\u0119cz pokonuj\u0105c przy tym przewy\u017cszenia rz\u0119du 800-1200m. To bardzo wyczerpuj\u0105ce i trudne zadanie. Ka\u017cdy dzie\u0144 ko\u0144czyli\u015bmy na biwaku \u015bpi\u0105c pod namiotem. <br><br>Nasz\u0105 przygod\u0119 z TMB rozpocz\u0119li\u015bmy we francuskiej miejscowo\u015bci Les Houches. Ju\u017c pierwszego dnia poczuli\u015bmy, \u017ce Alpy b\u0119d\u0105 dla nas prawdziwym wyzwaniem. Pokonanie przewy\u017cszenia 1000m przy 30 stopniowym upale jest bardzo trudne. Na szcz\u0119\u015bcie na ca\u0142ym szlaku TMB nie brakuje wody. Mo\u017cna j\u0105 uzupe\u0142ni\u0107 w wielu miejscach nie d\u017awigaj\u0105c jej zapasu w naszych i tak du\u017cych i ci\u0119\u017ckich plecakach. Po trzech dniach w\u0119dr\u00f3wki dotarli\u015bmy do W\u0142och pokonuj\u0105c prze\u0142\u0119cz Col de la Seigne (2516m). Zej\u015bcie dolin\u0105 Val Veny do miejscowo\u015bci Courmayeur to jeden z najbardziej malowniczych odcink\u00f3w na ca\u0142ej trasie. Dalej szlak prowadzi\u0142 do Szwajcarii, ale najpierw trzeba by\u0142o pokona\u0107 kolejn\u0105 prze\u0142\u0119cz Grand Col Ferret (2537m). Takich prze\u0142\u0119czy z wysoko\u015bci\u0105 powy\u017cej 2000m by\u0142o ca\u0142kiem sporo. Jednak najwy\u017cszym punktem na trasie by\u0142a Fen\u00eatre d\u2019Arpette z wysoko\u015bci\u0105 2665m n.p.m. To wy\u017cej ni\u017c Gerlach: najwy\u017cszy szczyt Tatr! Wej\u015bcie na ni\u0105 by\u0142o wyj\u0105tkowo trudne dla Mi\u0142osza. Niemal ca\u0142y szlak to ska\u0142y, kt\u00f3re pokonywali\u015bmy z du\u017c\u0105 ostro\u017cno\u015bci\u0105. W tym dniu w\u0119dr\u00f3wk\u0119 zako\u0144czyli\u015bmy dopiero po 11h. Zm\u0119czeni i wyczerpani rozbili\u015bmy sw\u00f3j namiot i szybko zasn\u0119li\u015bmy. W nocy rozp\u0119ta\u0142o si\u0119 piek\u0142o. Nad nami szala\u0142a burza z pot\u0119\u017cn\u0105 wichur\u0105 i deszczem. Wiatr szarpa\u0142 naszym namiotem na wszystkie strony. Noc przetrwali\u015bmy ale deszcz z kr\u00f3tkimi przerwami mia\u0142 pada\u0107 ca\u0142y dzie\u0144. Jedn\u0105 z takich przerw wykorzystali\u015bmy na pokonanie kolejnej prze\u0142\u0119czy (Col de Balme 2191m) i dotarcie do Francji. W nocy zn\u00f3w pada\u0142o, ale ju\u017c bez burzy. Po kr\u00f3tkim rozpogodzeniu wyruszyli\u015bmy na szlak. To nie mia\u0142a by\u0107 d\u0142uga w\u0119dr\u00f3wka, a jednak ten odcinek by\u0142 dla nas najtrudniejszym do pokonania na ca\u0142ej trasie TMB. Wszystko za spraw\u0105 drabinek, klamr, \u0142a\u0144cuch\u00f3w i innych ubezpiecze\u0144 na szlaku. Przej\u015bcie 7km szlaku zaj\u0119\u0142o nam 6h. Zm\u0119czeni i przemoczeni dotarli\u015bmy do Fl\u00e9g\u00e8re gdzie kolejk\u0105 linow\u0105 zjechali\u015bmy do Chamonix ko\u0144cz\u0105c tym samym nasz\u0105 przygod\u0119 ze szlakiem Tour du Mont Blanc. <br><br>Cho\u0107 nasza w\u0119dr\u00f3wka by\u0142a d\u0142uga (trwa\u0142a 10 dni) to Mi\u0142osz poradzi\u0142 sobie znakomicie. Na trasie wszyscy nas wyprzedzali, ale okaza\u0142o si\u0119 \u017ce niemal ka\u017cdy w\u0119druj\u0105cy podzieli\u0142 szlak TMB na takie same etapy jak my. A wi\u0119c Mi\u0142osz pokona\u0142 tak\u0105 sam\u0105 drog\u0119 jak inni doro\u015bli. Du\u017cym wyzwaniem by\u0142o przej\u015bcie prze\u0142\u0119czy Fen\u00eatre d\u2019Arpette. Ze wzgl\u0119du na Mi\u0142osza mogli\u015bmy wybra\u0107 \u0142atwiejszy wariant. Tak samo odcinek z drabinkami. Mimo to uwa\u017camy, \u017ce Alpy s\u0105 dla ka\u017cdego i nawet dziecko z niepe\u0142nosprawno\u015bci\u0105 ruchow\u0105 poradzi sobie na szlaku. Nasz syn jest tego doskona\u0142ym dowodem. <br><br>Akcja \u201eG\u00f3ry dla Mi\u0142osza\u201d to projekt charytatywny. W tym czasie prowadzona jest zbi\u00f3rka pieni\u0119dzy na dalsze leczenie i rehabilitacj\u0119 Mi\u0142osza:&nbsp;<a rel=\"noreferrer noopener\" href=\"https:\/\/zrzutka.pl\/mbb4j4\" target=\"_blank\">zrzutka<\/a><\/p>\n\n\n\n<figure class=\"wp-block-image size-large\"><img loading=\"lazy\" decoding=\"async\" width=\"1024\" height=\"682\" src=\"https:\/\/gorydlamilosza.pl\/wp-content\/uploads\/2023\/07\/tmb2-1024x682.jpg\" alt=\"\" class=\"wp-image-2835\" srcset=\"https:\/\/gorydlamilosza.pl\/wp-content\/uploads\/2023\/07\/tmb2-1024x682.jpg 1024w, https:\/\/gorydlamilosza.pl\/wp-content\/uploads\/2023\/07\/tmb2-300x200.jpg 300w, https:\/\/gorydlamilosza.pl\/wp-content\/uploads\/2023\/07\/tmb2-768x511.jpg 768w, https:\/\/gorydlamilosza.pl\/wp-content\/uploads\/2023\/07\/tmb2-1140x759.jpg 1140w, https:\/\/gorydlamilosza.pl\/wp-content\/uploads\/2023\/07\/tmb2.jpg 1200w\" sizes=\"auto, (max-width: 1024px) 100vw, 1024px\" \/><\/figure>\n\n\n\n<p><\/p>\n\n\n\n<figure class=\"wp-block-image size-large\"><img loading=\"lazy\" decoding=\"async\" width=\"1024\" height=\"682\" src=\"https:\/\/gorydlamilosza.pl\/wp-content\/uploads\/2023\/07\/tmb3-1024x682.jpg\" alt=\"\" class=\"wp-image-2836\" srcset=\"https:\/\/gorydlamilosza.pl\/wp-content\/uploads\/2023\/07\/tmb3-1024x682.jpg 1024w, https:\/\/gorydlamilosza.pl\/wp-content\/uploads\/2023\/07\/tmb3-300x200.jpg 300w, https:\/\/gorydlamilosza.pl\/wp-content\/uploads\/2023\/07\/tmb3-768x511.jpg 768w, https:\/\/gorydlamilosza.pl\/wp-content\/uploads\/2023\/07\/tmb3-1140x759.jpg 1140w, https:\/\/gorydlamilosza.pl\/wp-content\/uploads\/2023\/07\/tmb3.jpg 1200w\" sizes=\"auto, (max-width: 1024px) 100vw, 1024px\" \/><\/figure>\n\n\n\n<p><\/p>\n\n\n\n<p><\/p>\n\n\n\n<figure class=\"wp-block-image size-large\"><img loading=\"lazy\" decoding=\"async\" width=\"1024\" height=\"682\" src=\"https:\/\/gorydlamilosza.pl\/wp-content\/uploads\/2023\/07\/tmb4-1024x682.jpg\" alt=\"\" class=\"wp-image-2837\" srcset=\"https:\/\/gorydlamilosza.pl\/wp-content\/uploads\/2023\/07\/tmb4-1024x682.jpg 1024w, https:\/\/gorydlamilosza.pl\/wp-content\/uploads\/2023\/07\/tmb4-300x200.jpg 300w, https:\/\/gorydlamilosza.pl\/wp-content\/uploads\/2023\/07\/tmb4-768x511.jpg 768w, https:\/\/gorydlamilosza.pl\/wp-content\/uploads\/2023\/07\/tmb4-1140x759.jpg 1140w, https:\/\/gorydlamilosza.pl\/wp-content\/uploads\/2023\/07\/tmb4.jpg 1200w\" sizes=\"auto, (max-width: 1024px) 100vw, 1024px\" \/><\/figure>\n","protected":false},"excerpt":{"rendered":"<p>Razem z naszym niepe\u0142nosprawnym synem przeszli\u015bmy szlak Tour du Mont Blanc! To by\u0142a najd\u0142u\u017csza wyprawa w ramach charytatywnego projektu &#8222;G\u00f3ry dla Mi\u0142osza&#8221;. Przej\u015bcie 170km i pokonanie niemal 10 000m przewy\u017csze\u0144 by\u0142o du\u017cym wyzwaniem. TMB r\u00f3\u017cni si\u0119 od naszych dotychczasowych przej\u015b\u0107 d\u0142ugodystansowych. Przede wszystkim szlak nie prowadzi grani\u0105, nie zdobywamy te\u017c \u017cadnego szczytu. Mimo to, niemal codziennie byli\u015bmy na wysoko\u015bci powy\u017cej 2000m. Ka\u017cdego dnia wchodzili\u015bmy na prze\u0142\u0119cz pokonuj\u0105c przy tym przewy\u017cszenia rz\u0119du 800-1200m. To bardzo wyczerpuj\u0105ce i trudne zadanie. Ka\u017cdy dzie\u0144 ko\u0144czyli\u015bmy na biwaku \u015bpi\u0105c pod namiotem. Nasz\u0105 przygod\u0119 z TMB rozpocz\u0119li\u015bmy we francuskiej miejscowo\u015bci Les Houches. Ju\u017c pierwszego dnia poczuli\u015bmy, \u017ce Alpy b\u0119d\u0105 dla nas prawdziwym wyzwaniem. Pokonanie przewy\u017cszenia 1000m przy 30 stopniowym upale jest bardzo trudne. Na szcz\u0119\u015bcie na ca\u0142ym szlaku TMB nie brakuje wody. Mo\u017cna j\u0105 uzupe\u0142ni\u0107 w wielu miejscach nie d\u017awigaj\u0105c jej zapasu w naszych i tak du\u017cych i ci\u0119\u017ckich plecakach. Po trzech dniach w\u0119dr\u00f3wki dotarli\u015bmy do W\u0142och pokonuj\u0105c prze\u0142\u0119cz Col de la Seigne (2516m). Zej\u015bcie dolin\u0105 Val Veny do miejscowo\u015bci Courmayeur to jeden z najbardziej malowniczych odcink\u00f3w na ca\u0142ej trasie. Dalej szlak prowadzi\u0142 do Szwajcarii, ale najpierw trzeba by\u0142o pokona\u0107 kolejn\u0105 prze\u0142\u0119cz Grand Col Ferret (2537m). Takich prze\u0142\u0119czy z wysoko\u015bci\u0105 powy\u017cej 2000m by\u0142o ca\u0142kiem sporo. Jednak najwy\u017cszym punktem na trasie by\u0142a Fen\u00eatre d\u2019Arpette z wysoko\u015bci\u0105 2665m n.p.m. To wy\u017cej ni\u017c Gerlach: najwy\u017cszy szczyt Tatr! Wej\u015bcie na ni\u0105 by\u0142o wyj\u0105tkowo trudne dla Mi\u0142osza. Niemal ca\u0142y szlak to ska\u0142y, kt\u00f3re pokonywali\u015bmy z du\u017c\u0105 ostro\u017cno\u015bci\u0105. W tym dniu w\u0119dr\u00f3wk\u0119 zako\u0144czyli\u015bmy dopiero po 11h. Zm\u0119czeni i wyczerpani rozbili\u015bmy sw\u00f3j namiot i szybko zasn\u0119li\u015bmy. W nocy rozp\u0119ta\u0142o si\u0119 piek\u0142o. Nad nami szala\u0142a burza z pot\u0119\u017cn\u0105 wichur\u0105 i deszczem. Wiatr szarpa\u0142 naszym namiotem na wszystkie strony. Noc przetrwali\u015bmy ale deszcz z kr\u00f3tkimi przerwami mia\u0142 pada\u0107 ca\u0142y dzie\u0144. Jedn\u0105 z takich przerw wykorzystali\u015bmy na pokonanie kolejnej prze\u0142\u0119czy (Col de Balme 2191m) i dotarcie do Francji. W nocy zn\u00f3w pada\u0142o, ale ju\u017c bez burzy. Po kr\u00f3tkim rozpogodzeniu wyruszyli\u015bmy na szlak. To nie mia\u0142a by\u0107 d\u0142uga w\u0119dr\u00f3wka, a jednak ten odcinek by\u0142 dla nas najtrudniejszym do pokonania na ca\u0142ej trasie TMB. Wszystko za spraw\u0105 drabinek, klamr, \u0142a\u0144cuch\u00f3w i innych ubezpiecze\u0144 na szlaku. Przej\u015bcie 7km szlaku zaj\u0119\u0142o nam 6h. Zm\u0119czeni i przemoczeni dotarli\u015bmy do Fl\u00e9g\u00e8re gdzie kolejk\u0105 linow\u0105 zjechali\u015bmy do Chamonix ko\u0144cz\u0105c tym samym nasz\u0105 przygod\u0119 ze szlakiem Tour du Mont Blanc. Cho\u0107 nasza w\u0119dr\u00f3wka by\u0142a d\u0142uga (trwa\u0142a 10 dni) to Mi\u0142osz poradzi\u0142 sobie znakomicie. Na trasie wszyscy nas wyprzedzali, ale okaza\u0142o si\u0119 \u017ce niemal ka\u017cdy w\u0119druj\u0105cy podzieli\u0142 szlak TMB na takie same etapy jak my. A wi\u0119c Mi\u0142osz pokona\u0142 tak\u0105 sam\u0105 drog\u0119 jak inni doro\u015bli. Du\u017cym wyzwaniem by\u0142o przej\u015bcie prze\u0142\u0119czy Fen\u00eatre d\u2019Arpette. Ze wzgl\u0119du na Mi\u0142osza mogli\u015bmy wybra\u0107 \u0142atwiejszy wariant. Tak samo odcinek z drabinkami. Mimo to uwa\u017camy, \u017ce Alpy s\u0105 dla ka\u017cdego i nawet dziecko z niepe\u0142nosprawno\u015bci\u0105 ruchow\u0105 poradzi sobie na szlaku. Nasz syn jest tego doskona\u0142ym dowodem. Akcja \u201eG\u00f3ry dla Mi\u0142osza\u201d to projekt charytatywny. W tym czasie prowadzona jest zbi\u00f3rka pieni\u0119dzy na dalsze leczenie i rehabilitacj\u0119 Mi\u0142osza:&nbsp;zrzutka<\/p>\n","protected":false},"author":1,"featured_media":2833,"comment_status":"open","ping_status":"open","sticky":false,"template":"","format":"standard","meta":{"footnotes":""},"categories":[4],"tags":[],"class_list":["post-2830","post","type-post","status-publish","format-standard","has-post-thumbnail","hentry","category-blog"],"_links":{"self":[{"href":"https:\/\/gorydlamilosza.pl\/index.php\/wp-json\/wp\/v2\/posts\/2830","targetHints":{"allow":["GET"]}}],"collection":[{"href":"https:\/\/gorydlamilosza.pl\/index.php\/wp-json\/wp\/v2\/posts"}],"about":[{"href":"https:\/\/gorydlamilosza.pl\/index.php\/wp-json\/wp\/v2\/types\/post"}],"author":[{"embeddable":true,"href":"https:\/\/gorydlamilosza.pl\/index.php\/wp-json\/wp\/v2\/users\/1"}],"replies":[{"embeddable":true,"href":"https:\/\/gorydlamilosza.pl\/index.php\/wp-json\/wp\/v2\/comments?post=2830"}],"version-history":[{"count":6,"href":"https:\/\/gorydlamilosza.pl\/index.php\/wp-json\/wp\/v2\/posts\/2830\/revisions"}],"predecessor-version":[{"id":2841,"href":"https:\/\/gorydlamilosza.pl\/index.php\/wp-json\/wp\/v2\/posts\/2830\/revisions\/2841"}],"wp:featuredmedia":[{"embeddable":true,"href":"https:\/\/gorydlamilosza.pl\/index.php\/wp-json\/wp\/v2\/media\/2833"}],"wp:attachment":[{"href":"https:\/\/gorydlamilosza.pl\/index.php\/wp-json\/wp\/v2\/media?parent=2830"}],"wp:term":[{"taxonomy":"category","embeddable":true,"href":"https:\/\/gorydlamilosza.pl\/index.php\/wp-json\/wp\/v2\/categories?post=2830"},{"taxonomy":"post_tag","embeddable":true,"href":"https:\/\/gorydlamilosza.pl\/index.php\/wp-json\/wp\/v2\/tags?post=2830"}],"curies":[{"name":"wp","href":"https:\/\/api.w.org\/{rel}","templated":true}]}}