{"id":2884,"date":"2023-11-12T17:49:18","date_gmt":"2023-11-12T16:49:18","guid":{"rendered":"https:\/\/gorydlamilosza.pl\/?p=2884"},"modified":"2023-11-12T18:17:44","modified_gmt":"2023-11-12T17:17:44","slug":"wielka-racza-beskid-zywiecki-2","status":"publish","type":"post","link":"https:\/\/gorydlamilosza.pl\/index.php\/2023\/11\/12\/wielka-racza-beskid-zywiecki-2\/","title":{"rendered":"Wielka Racza, Beskid \u017bywiecki"},"content":{"rendered":"\n<p>Prognoza pogody nie zach\u0119ca\u0142a dzisiaj do wyjazdu. Rano troch\u0119 si\u0119 wahali\u015bmy czy to na pewno dobry pomys\u0142. Mokro, zimno i mg\u0142a. Na szlaku na pewno b\u0119dzie b\u0142oto, a o widokach mo\u017cna zapomnie\u0107. Nasze obawy powr\u00f3ci\u0142y w po\u0142owie drogi kiedy zacz\u0119\u0142o mocno pada\u0107. I pewnie postawiliby\u015bmy na plan B ale byli\u015bmy um\u00f3wieni na wsp\u00f3ln\u0105 w\u0119dr\u00f3wk\u0119 z Piotrem. Zastanawiacie si\u0119 kto to taki? Piotr Brzoska to triathlonista i mi\u0142o\u015bnik g\u00f3r, kt\u00f3ry pokona\u0142 dystans podw\u00f3jnego Iron Man&#8217;a oraz wspiera Mi\u0142osza. Dlatego o zmianie plan\u00f3w nie by\u0142o mowy. I ca\u0142e szcz\u0119\u015bcie bo w wy\u017cszych partiach Beskid\u00f3w zrobi\u0142o si\u0119 zimowo! Nie spodziewali\u015bmy si\u0119 zobaczy\u0107 dzisiaj a\u017c tyle \u015bniegu w g\u00f3rach, zw\u0142aszcza, \u017ce w dolinach wci\u0105\u017c jest jesiennie. Jednak powy\u017cej 800 m. \u015bniegu coraz wi\u0119cej. A na wierzcho\u0142ku Wielkiej Raczy mogli\u015bmy nawet ulepi\u0107 ba\u0142wana! Mi\u0142oszowi uda\u0142o si\u0119 dotrzyma\u0107 kroku Piotrkowi i nie zostawa\u0142 w tyle. Pokaza\u0142 si\u0119 z jak najlepszej strony, cho\u0107 miejscami by\u0142o \u015blisko. Wszystko przez mokry \u015bnieg i b\u0142oto. <\/p>\n\n\n\n<p><\/p>\n","protected":false},"excerpt":{"rendered":"<p>Prognoza pogody nie zach\u0119ca\u0142a dzisiaj do wyjazdu. Rano troch\u0119 si\u0119 wahali\u015bmy czy to na pewno dobry pomys\u0142. Mokro, zimno i mg\u0142a. Na szlaku na pewno b\u0119dzie b\u0142oto, a o widokach mo\u017cna zapomnie\u0107. Nasze obawy powr\u00f3ci\u0142y w po\u0142owie drogi kiedy zacz\u0119\u0142o mocno pada\u0107. I pewnie postawiliby\u015bmy na plan B ale byli\u015bmy um\u00f3wieni na wsp\u00f3ln\u0105 w\u0119dr\u00f3wk\u0119 z Piotrem. Zastanawiacie si\u0119 kto to taki? Piotr Brzoska to triathlonista i mi\u0142o\u015bnik g\u00f3r, kt\u00f3ry pokona\u0142 dystans podw\u00f3jnego Iron Man&#8217;a oraz wspiera Mi\u0142osza. Dlatego o zmianie plan\u00f3w nie by\u0142o mowy. I ca\u0142e szcz\u0119\u015bcie bo w wy\u017cszych partiach Beskid\u00f3w zrobi\u0142o si\u0119 zimowo! Nie spodziewali\u015bmy si\u0119 zobaczy\u0107 dzisiaj a\u017c tyle \u015bniegu w g\u00f3rach, zw\u0142aszcza, \u017ce w dolinach wci\u0105\u017c jest jesiennie. Jednak powy\u017cej 800 m. \u015bniegu coraz wi\u0119cej. A na wierzcho\u0142ku Wielkiej Raczy mogli\u015bmy nawet ulepi\u0107 ba\u0142wana! Mi\u0142oszowi uda\u0142o si\u0119 dotrzyma\u0107 kroku Piotrkowi i nie zostawa\u0142 w tyle. Pokaza\u0142 si\u0119 z jak najlepszej strony, cho\u0107 miejscami by\u0142o \u015blisko. Wszystko przez mokry \u015bnieg i b\u0142oto.<\/p>\n","protected":false},"author":1,"featured_media":2885,"comment_status":"open","ping_status":"open","sticky":false,"template":"","format":"standard","meta":{"footnotes":""},"categories":[4],"tags":[],"class_list":["post-2884","post","type-post","status-publish","format-standard","has-post-thumbnail","hentry","category-blog"],"_links":{"self":[{"href":"https:\/\/gorydlamilosza.pl\/index.php\/wp-json\/wp\/v2\/posts\/2884","targetHints":{"allow":["GET"]}}],"collection":[{"href":"https:\/\/gorydlamilosza.pl\/index.php\/wp-json\/wp\/v2\/posts"}],"about":[{"href":"https:\/\/gorydlamilosza.pl\/index.php\/wp-json\/wp\/v2\/types\/post"}],"author":[{"embeddable":true,"href":"https:\/\/gorydlamilosza.pl\/index.php\/wp-json\/wp\/v2\/users\/1"}],"replies":[{"embeddable":true,"href":"https:\/\/gorydlamilosza.pl\/index.php\/wp-json\/wp\/v2\/comments?post=2884"}],"version-history":[{"count":3,"href":"https:\/\/gorydlamilosza.pl\/index.php\/wp-json\/wp\/v2\/posts\/2884\/revisions"}],"predecessor-version":[{"id":2888,"href":"https:\/\/gorydlamilosza.pl\/index.php\/wp-json\/wp\/v2\/posts\/2884\/revisions\/2888"}],"wp:featuredmedia":[{"embeddable":true,"href":"https:\/\/gorydlamilosza.pl\/index.php\/wp-json\/wp\/v2\/media\/2885"}],"wp:attachment":[{"href":"https:\/\/gorydlamilosza.pl\/index.php\/wp-json\/wp\/v2\/media?parent=2884"}],"wp:term":[{"taxonomy":"category","embeddable":true,"href":"https:\/\/gorydlamilosza.pl\/index.php\/wp-json\/wp\/v2\/categories?post=2884"},{"taxonomy":"post_tag","embeddable":true,"href":"https:\/\/gorydlamilosza.pl\/index.php\/wp-json\/wp\/v2\/tags?post=2884"}],"curies":[{"name":"wp","href":"https:\/\/api.w.org\/{rel}","templated":true}]}}