{"id":2891,"date":"2023-12-10T17:54:26","date_gmt":"2023-12-10T16:54:26","guid":{"rendered":"https:\/\/gorydlamilosza.pl\/?p=2891"},"modified":"2023-12-10T17:59:45","modified_gmt":"2023-12-10T16:59:45","slug":"blatnia-beskid-slaski-2","status":"publish","type":"post","link":"https:\/\/gorydlamilosza.pl\/index.php\/2023\/12\/10\/blatnia-beskid-slaski-2\/","title":{"rendered":"B\u0142atnia, Beskid \u015al\u0105ski"},"content":{"rendered":"\n<p>Min\u0105\u0142 prawie miesi\u0105c od naszej ostatniej wyprawy w g\u00f3ry. Dzisiejszy wyjazd r\u00f3wnie\u017c by\u0142 niepewny.  Wszystko przez poranne warunki drogowe. Pada\u0142 mokry \u015bnieg, kt\u00f3ry zamarza\u0142 na drodze tworz\u0105c bardzo \u015blisk\u0105 nawierzchni\u0119. Na szcz\u0119\u015bcie im bli\u017cej Beskid\u00f3w tym warunki na drodze lepsze. Wybrali\u015bmy \u0142atw\u0105 tras\u0119 na B\u0142atni\u0105 w Beskidzie \u015al\u0105skim. To popularny szlak, na kt\u00f3rym mo\u017cna spotka\u0107 du\u017co turyst\u00f3w jednak dzisiaj nie by\u0142o ich wielu. Pewnie odstraszy\u0142a ich nienajlepsza pogoda. Faktycznie miejscami mocno wia\u0142o, co pot\u0119gowa\u0142o uczucie zimna. Do tego na szlaku by\u0142o mn\u00f3stwo miejsc z zawianym \u015bniegiem, kt\u00f3ry tworzy\u0142 zaspy. Przechodzenie przez nie by\u0142o dla Mi\u0142osza nie lada wyzwaniem. \u015aliskie i nier\u00f3wne pod\u0142o\u017ce jest dobrym miejscem do \u0107wiczenia jego koordynacji ruchowej. A jak jego kondycja? Pomimo, \u017ce pokonali\u015bmy dzisiaj prawie 11km to jad\u0105c autem zapyta\u0142 czy jak dojedziemy do domu to p\u00f3jdziemy jeszcze na spacer? Obawiam si\u0119 \u017ce za kilka lat nie b\u0119dziemy wstanie mu dor\u00f3wna\u0107. Chcia\u0142abym \u017ceby Mi\u0142osz m\u00f3g\u0142 w przysz\u0142o\u015bci sam wyrusza\u0107 na szlak. Ale do tego musi mie\u0107 lepsz\u0105 orientacj\u0119 w terenie. Na razie nie jest najlepiej. Przed nami spore wyzwanie. <\/p>\n","protected":false},"excerpt":{"rendered":"<p>Min\u0105\u0142 prawie miesi\u0105c od naszej ostatniej wyprawy w g\u00f3ry. Dzisiejszy wyjazd r\u00f3wnie\u017c by\u0142 niepewny. Wszystko przez poranne warunki drogowe. Pada\u0142 mokry \u015bnieg, kt\u00f3ry zamarza\u0142 na drodze tworz\u0105c bardzo \u015blisk\u0105 nawierzchni\u0119. Na szcz\u0119\u015bcie im bli\u017cej Beskid\u00f3w tym warunki na drodze lepsze. Wybrali\u015bmy \u0142atw\u0105 tras\u0119 na B\u0142atni\u0105 w Beskidzie \u015al\u0105skim. To popularny szlak, na kt\u00f3rym mo\u017cna spotka\u0107 du\u017co turyst\u00f3w jednak dzisiaj nie by\u0142o ich wielu. Pewnie odstraszy\u0142a ich nienajlepsza pogoda. Faktycznie miejscami mocno wia\u0142o, co pot\u0119gowa\u0142o uczucie zimna. Do tego na szlaku by\u0142o mn\u00f3stwo miejsc z zawianym \u015bniegiem, kt\u00f3ry tworzy\u0142 zaspy. Przechodzenie przez nie by\u0142o dla Mi\u0142osza nie lada wyzwaniem. \u015aliskie i nier\u00f3wne pod\u0142o\u017ce jest dobrym miejscem do \u0107wiczenia jego koordynacji ruchowej. A jak jego kondycja? Pomimo, \u017ce pokonali\u015bmy dzisiaj prawie 11km to jad\u0105c autem zapyta\u0142 czy jak dojedziemy do domu to p\u00f3jdziemy jeszcze na spacer? Obawiam si\u0119 \u017ce za kilka lat nie b\u0119dziemy wstanie mu dor\u00f3wna\u0107. Chcia\u0142abym \u017ceby Mi\u0142osz m\u00f3g\u0142 w przysz\u0142o\u015bci sam wyrusza\u0107 na szlak. Ale do tego musi mie\u0107 lepsz\u0105 orientacj\u0119 w terenie. Na razie nie jest najlepiej. Przed nami spore wyzwanie.<\/p>\n","protected":false},"author":1,"featured_media":2893,"comment_status":"open","ping_status":"open","sticky":false,"template":"","format":"standard","meta":{"footnotes":""},"categories":[4],"tags":[],"class_list":["post-2891","post","type-post","status-publish","format-standard","has-post-thumbnail","hentry","category-blog"],"_links":{"self":[{"href":"https:\/\/gorydlamilosza.pl\/index.php\/wp-json\/wp\/v2\/posts\/2891","targetHints":{"allow":["GET"]}}],"collection":[{"href":"https:\/\/gorydlamilosza.pl\/index.php\/wp-json\/wp\/v2\/posts"}],"about":[{"href":"https:\/\/gorydlamilosza.pl\/index.php\/wp-json\/wp\/v2\/types\/post"}],"author":[{"embeddable":true,"href":"https:\/\/gorydlamilosza.pl\/index.php\/wp-json\/wp\/v2\/users\/1"}],"replies":[{"embeddable":true,"href":"https:\/\/gorydlamilosza.pl\/index.php\/wp-json\/wp\/v2\/comments?post=2891"}],"version-history":[{"count":5,"href":"https:\/\/gorydlamilosza.pl\/index.php\/wp-json\/wp\/v2\/posts\/2891\/revisions"}],"predecessor-version":[{"id":2897,"href":"https:\/\/gorydlamilosza.pl\/index.php\/wp-json\/wp\/v2\/posts\/2891\/revisions\/2897"}],"wp:featuredmedia":[{"embeddable":true,"href":"https:\/\/gorydlamilosza.pl\/index.php\/wp-json\/wp\/v2\/media\/2893"}],"wp:attachment":[{"href":"https:\/\/gorydlamilosza.pl\/index.php\/wp-json\/wp\/v2\/media?parent=2891"}],"wp:term":[{"taxonomy":"category","embeddable":true,"href":"https:\/\/gorydlamilosza.pl\/index.php\/wp-json\/wp\/v2\/categories?post=2891"},{"taxonomy":"post_tag","embeddable":true,"href":"https:\/\/gorydlamilosza.pl\/index.php\/wp-json\/wp\/v2\/tags?post=2891"}],"curies":[{"name":"wp","href":"https:\/\/api.w.org\/{rel}","templated":true}]}}