{"id":2966,"date":"2024-04-28T19:50:29","date_gmt":"2024-04-28T17:50:29","guid":{"rendered":"https:\/\/gorydlamilosza.pl\/?p=2966"},"modified":"2024-05-04T18:31:58","modified_gmt":"2024-05-04T16:31:58","slug":"2966","status":"publish","type":"post","link":"https:\/\/gorydlamilosza.pl\/index.php\/2024\/04\/28\/2966\/","title":{"rendered":"Sokolie, Ma\u0142a Fatra"},"content":{"rendered":"\n<p>Nasz\u0105 maj\u00f3wk\u0119 zacz\u0119li\u015bmy ju\u017c w kwietniu! Tym razem Mi\u0142osz wyjecha\u0142 na Ma\u0142\u0105 Fatr\u0119. Ostatnim razem kiedy tutaj by\u0142 porusza\u0142 si\u0119 g\u0142\u00f3wnie w nosidle. Zaplanowana trasa to zaledwie 8 km, kt\u00f3rej przej\u015bcie powinno nam zaj\u0105\u0107 oko\u0142o 3 godzin. Niestety dla Mi\u0142osza jakiekolwiek ska\u0142y s\u0105 bardzo trudne do pokonania. Na naszym szlaku nie by\u0142o ich wiele. Jednak mimo wszystko w\u0119dr\u00f3wka wyd\u0142u\u017cy\u0142a si\u0119 a\u017c do 5 godzin. Ale nasz syn dotrwa\u0142 do ko\u0144ca pokonuj\u0105c tras\u0119 samodzielnie. To by\u0142 bardzo wyczerpuj\u0105cy dzie\u0144 i jednocze\u015bnie pi\u0119kny. Na Ma\u0142ej Fatrze nie mog\u0142o by\u0107 inaczej, tutaj niemal wszystkie szlaki s\u0105 wyj\u0105tkowo widokowe. A czy wy zacz\u0119li\u015bcie ju\u017c maj\u00f3wk\u0119?<\/p>\n","protected":false},"excerpt":{"rendered":"<p>Nasz\u0105 maj\u00f3wk\u0119 zacz\u0119li\u015bmy ju\u017c w kwietniu! Tym razem Mi\u0142osz wyjecha\u0142 na Ma\u0142\u0105 Fatr\u0119. Ostatnim razem kiedy tutaj by\u0142 porusza\u0142 si\u0119 g\u0142\u00f3wnie w nosidle. Zaplanowana trasa to zaledwie 8 km, kt\u00f3rej przej\u015bcie powinno nam zaj\u0105\u0107 oko\u0142o 3 godzin. Niestety dla Mi\u0142osza jakiekolwiek ska\u0142y s\u0105 bardzo trudne do pokonania. Na naszym szlaku nie by\u0142o ich wiele. Jednak mimo wszystko w\u0119dr\u00f3wka wyd\u0142u\u017cy\u0142a si\u0119 a\u017c do 5 godzin. Ale nasz syn dotrwa\u0142 do ko\u0144ca pokonuj\u0105c tras\u0119 samodzielnie. To by\u0142 bardzo wyczerpuj\u0105cy dzie\u0144 i jednocze\u015bnie pi\u0119kny. Na Ma\u0142ej Fatrze nie mog\u0142o by\u0107 inaczej, tutaj niemal wszystkie szlaki s\u0105 wyj\u0105tkowo widokowe. A czy wy zacz\u0119li\u015bcie ju\u017c maj\u00f3wk\u0119?<\/p>\n","protected":false},"author":1,"featured_media":2970,"comment_status":"open","ping_status":"open","sticky":false,"template":"","format":"standard","meta":{"footnotes":""},"categories":[4],"tags":[],"class_list":["post-2966","post","type-post","status-publish","format-standard","has-post-thumbnail","hentry","category-blog"],"_links":{"self":[{"href":"https:\/\/gorydlamilosza.pl\/index.php\/wp-json\/wp\/v2\/posts\/2966","targetHints":{"allow":["GET"]}}],"collection":[{"href":"https:\/\/gorydlamilosza.pl\/index.php\/wp-json\/wp\/v2\/posts"}],"about":[{"href":"https:\/\/gorydlamilosza.pl\/index.php\/wp-json\/wp\/v2\/types\/post"}],"author":[{"embeddable":true,"href":"https:\/\/gorydlamilosza.pl\/index.php\/wp-json\/wp\/v2\/users\/1"}],"replies":[{"embeddable":true,"href":"https:\/\/gorydlamilosza.pl\/index.php\/wp-json\/wp\/v2\/comments?post=2966"}],"version-history":[{"count":4,"href":"https:\/\/gorydlamilosza.pl\/index.php\/wp-json\/wp\/v2\/posts\/2966\/revisions"}],"predecessor-version":[{"id":2975,"href":"https:\/\/gorydlamilosza.pl\/index.php\/wp-json\/wp\/v2\/posts\/2966\/revisions\/2975"}],"wp:featuredmedia":[{"embeddable":true,"href":"https:\/\/gorydlamilosza.pl\/index.php\/wp-json\/wp\/v2\/media\/2970"}],"wp:attachment":[{"href":"https:\/\/gorydlamilosza.pl\/index.php\/wp-json\/wp\/v2\/media?parent=2966"}],"wp:term":[{"taxonomy":"category","embeddable":true,"href":"https:\/\/gorydlamilosza.pl\/index.php\/wp-json\/wp\/v2\/categories?post=2966"},{"taxonomy":"post_tag","embeddable":true,"href":"https:\/\/gorydlamilosza.pl\/index.php\/wp-json\/wp\/v2\/tags?post=2966"}],"curies":[{"name":"wp","href":"https:\/\/api.w.org\/{rel}","templated":true}]}}