{"id":2997,"date":"2024-06-18T18:11:32","date_gmt":"2024-06-18T16:11:32","guid":{"rendered":"https:\/\/gorydlamilosza.pl\/?p=2997"},"modified":"2024-06-18T18:12:46","modified_gmt":"2024-06-18T16:12:46","slug":"gory-dla-milosza-vi-edycja","status":"publish","type":"post","link":"https:\/\/gorydlamilosza.pl\/index.php\/2024\/06\/18\/gory-dla-milosza-vi-edycja\/","title":{"rendered":"G\u00f3ry dla Mi\u0142osza VI edycja"},"content":{"rendered":"\n<p>&#8222;Mam na imie Milosz. Chodze do szkoly do trzeciej klasy. Bardzo lubie chodzic po gorach . Na szlaku jestem szybki jak blyskawica. Czasami tez mam problemy. Potykam sie i upadam. Tata mowi zeby sprobowac jeszcz raz. Nie lubie byc sam mama i tata sa obok mnie. Ccodzienie cwicze i ucze sie. chce byc samodzielnya ale to takie bardzo trudne. Denerwuje sie ze nie moge duzo rzeczy zrobic sam i potrzebuje pomocy innej osoby.&#8221;<\/p>\n\n\n\n<p>To prawda co napisa\u0142 Mi\u0142osz, jego codzienne funkcjonowanie jest mo\u017cliwe wy\u0142\u0105cznie przy pomocy drugiej osoby, dlatego nadal tak wa\u017cna jest dla niego kontynuacja leczenia, dalsza terapia i rehabilitacja. Z tego powodu og\u0142aszamy kolejn\u0105 edycj\u0119 charytatywnego projektu &#8222;G\u00f3ry dla Mi\u0142osza&#8221;!<\/p>\n\n\n\n<p>Czy mo\u017cna po\u0142\u0105czy\u0107 g\u00f3rskie wyprawy z akcj\u0105 charytatywn\u0105? Najlepiej wie o tym Mi\u0142osz, 11-latek, kt\u00f3ry zmaga si\u0119 z niepe\u0142nosprawno\u015bci\u0105 ruchow\u0105 i intelektualn\u0105, a pomimo tego zdobywa szczyty oraz aktywnie uczestniczy w kolejnej VI edycji charytatywnego projektu &#8222;G\u00f3ry dla Mi\u0142osza&#8221;. Swoj\u0105 postaw\u0105 pokazuje, \u017ce w g\u00f3rach tkwi prawdziwa si\u0142a.<\/p>\n\n\n\n<p>Ju\u017c po raz sz\u00f3sty zach\u0119camy do wsp\u00f3lnego pomagania i w\u0142\u0105czenia si\u0119 w wyj\u0105tkowy projekt charytatywny, podczas kt\u00f3rego wspierasz Mi\u0142osza w jego walce o samodzielno\u015b\u0107. Dzi\u0119ki tej inicjatywie realnie wspieramy dalsze leczenie i rehabilitacj\u0119.<\/p>\n\n\n\n<p>Projekt charytatywny &#8222;G\u00f3ry dla Mi\u0142osza&#8221; VI edycja w 2024 b\u0119dzie trwa\u0142 przez ca\u0142y rok! W g\u00f3ry chcemy wraca\u0107 tak cz\u0119sto jak to tylko jest mo\u017cliwe poniewa\u017c w\u0119dr\u00f3wka po g\u00f3rskich szlakach to dla Mi\u0142osza skuteczna terapia, dzi\u0119ki kt\u00f3rej jest w dobrej kondycji. Do\u0142\u0105cz do Mi\u0142osza i dorzu\u0107 swoj\u0105 cegie\u0142k\u0119!<\/p>\n\n\n\n<p><a href=\"https:\/\/zrzutka.pl\/vejwdu\">zrzutka<\/a><\/p>\n","protected":false},"excerpt":{"rendered":"<p>&#8222;Mam na imie Milosz. Chodze do szkoly do trzeciej klasy. Bardzo lubie chodzic po gorach . Na szlaku jestem szybki jak blyskawica. Czasami tez mam problemy. Potykam sie i upadam. Tata mowi zeby sprobowac jeszcz raz. Nie lubie byc sam mama i tata sa obok mnie. Ccodzienie cwicze i ucze sie. chce byc samodzielnya ale to takie bardzo trudne. Denerwuje sie ze nie moge duzo rzeczy zrobic sam i potrzebuje pomocy innej osoby.&#8221; To prawda co napisa\u0142 Mi\u0142osz, jego codzienne funkcjonowanie jest mo\u017cliwe wy\u0142\u0105cznie przy pomocy drugiej osoby, dlatego nadal tak wa\u017cna jest dla niego kontynuacja leczenia, dalsza terapia i rehabilitacja. Z tego powodu og\u0142aszamy kolejn\u0105 edycj\u0119 charytatywnego projektu &#8222;G\u00f3ry dla Mi\u0142osza&#8221;! Czy mo\u017cna po\u0142\u0105czy\u0107 g\u00f3rskie wyprawy z akcj\u0105 charytatywn\u0105? Najlepiej wie o tym Mi\u0142osz, 11-latek, kt\u00f3ry zmaga si\u0119 z niepe\u0142nosprawno\u015bci\u0105 ruchow\u0105 i intelektualn\u0105, a pomimo tego zdobywa szczyty oraz aktywnie uczestniczy w kolejnej VI edycji charytatywnego projektu &#8222;G\u00f3ry dla Mi\u0142osza&#8221;. Swoj\u0105 postaw\u0105 pokazuje, \u017ce w g\u00f3rach tkwi prawdziwa si\u0142a. Ju\u017c po raz sz\u00f3sty zach\u0119camy do wsp\u00f3lnego pomagania i w\u0142\u0105czenia si\u0119 w wyj\u0105tkowy projekt charytatywny, podczas kt\u00f3rego wspierasz Mi\u0142osza w jego walce o samodzielno\u015b\u0107. Dzi\u0119ki tej inicjatywie realnie wspieramy dalsze leczenie i rehabilitacj\u0119. Projekt charytatywny &#8222;G\u00f3ry dla Mi\u0142osza&#8221; VI edycja w 2024 b\u0119dzie trwa\u0142 przez ca\u0142y rok! W g\u00f3ry chcemy wraca\u0107 tak cz\u0119sto jak to tylko jest mo\u017cliwe poniewa\u017c w\u0119dr\u00f3wka po g\u00f3rskich szlakach to dla Mi\u0142osza skuteczna terapia, dzi\u0119ki kt\u00f3rej jest w dobrej kondycji. Do\u0142\u0105cz do Mi\u0142osza i dorzu\u0107 swoj\u0105 cegie\u0142k\u0119! zrzutka<\/p>\n","protected":false},"author":1,"featured_media":2998,"comment_status":"open","ping_status":"open","sticky":false,"template":"","format":"standard","meta":{"footnotes":""},"categories":[4],"tags":[],"class_list":["post-2997","post","type-post","status-publish","format-standard","has-post-thumbnail","hentry","category-blog"],"_links":{"self":[{"href":"https:\/\/gorydlamilosza.pl\/index.php\/wp-json\/wp\/v2\/posts\/2997","targetHints":{"allow":["GET"]}}],"collection":[{"href":"https:\/\/gorydlamilosza.pl\/index.php\/wp-json\/wp\/v2\/posts"}],"about":[{"href":"https:\/\/gorydlamilosza.pl\/index.php\/wp-json\/wp\/v2\/types\/post"}],"author":[{"embeddable":true,"href":"https:\/\/gorydlamilosza.pl\/index.php\/wp-json\/wp\/v2\/users\/1"}],"replies":[{"embeddable":true,"href":"https:\/\/gorydlamilosza.pl\/index.php\/wp-json\/wp\/v2\/comments?post=2997"}],"version-history":[{"count":2,"href":"https:\/\/gorydlamilosza.pl\/index.php\/wp-json\/wp\/v2\/posts\/2997\/revisions"}],"predecessor-version":[{"id":3000,"href":"https:\/\/gorydlamilosza.pl\/index.php\/wp-json\/wp\/v2\/posts\/2997\/revisions\/3000"}],"wp:featuredmedia":[{"embeddable":true,"href":"https:\/\/gorydlamilosza.pl\/index.php\/wp-json\/wp\/v2\/media\/2998"}],"wp:attachment":[{"href":"https:\/\/gorydlamilosza.pl\/index.php\/wp-json\/wp\/v2\/media?parent=2997"}],"wp:term":[{"taxonomy":"category","embeddable":true,"href":"https:\/\/gorydlamilosza.pl\/index.php\/wp-json\/wp\/v2\/categories?post=2997"},{"taxonomy":"post_tag","embeddable":true,"href":"https:\/\/gorydlamilosza.pl\/index.php\/wp-json\/wp\/v2\/tags?post=2997"}],"curies":[{"name":"wp","href":"https:\/\/api.w.org\/{rel}","templated":true}]}}